{"id":8915,"date":"2023-02-24T09:59:44","date_gmt":"2023-02-24T08:59:44","guid":{"rendered":"https:\/\/mentesutakon.hu\/?p=8915"},"modified":"2023-02-24T10:10:49","modified_gmt":"2023-02-24T09:10:49","slug":"az-en-tortenetem-egyeleted-interju","status":"publish","type":"post","link":"https:\/\/mentesutakon.hu\/en\/az-en-tortenetem-egyeleted-interju\/","title":{"rendered":"Az \u00e9n t\u00f6rt\u00e9netem: EGY\u00e9leted interj\u00fa"},"content":{"rendered":"<div data-elementor-type=\"wp-post\" data-elementor-id=\"8915\" class=\"elementor elementor-8915\" data-elementor-post-type=\"post\">\n\t\t\t\t\t\t<section class=\"elementor-section elementor-top-section elementor-element elementor-element-29d109bb elementor-section-boxed elementor-section-height-default elementor-section-height-default\" data-id=\"29d109bb\" data-element_type=\"section\" data-e-type=\"section\" data-settings=\"{&quot;ekit_has_onepagescroll_dot&quot;:&quot;yes&quot;}\">\n\t\t\t\t\t\t<div class=\"elementor-container elementor-column-gap-default\">\n\t\t\t\t\t<div class=\"elementor-column elementor-col-100 elementor-top-column elementor-element elementor-element-48cee1e5\" data-id=\"48cee1e5\" data-element_type=\"column\" data-e-type=\"column\">\n\t\t\t<div class=\"elementor-widget-wrap elementor-element-populated\">\n\t\t\t\t\t\t<div class=\"elementor-element elementor-element-13d4e51f elementor-widget elementor-widget-image\" data-id=\"13d4e51f\" data-element_type=\"widget\" data-e-type=\"widget\" data-settings=\"{&quot;ekit_we_effect_on&quot;:&quot;none&quot;}\" data-widget_type=\"image.default\">\n\t\t\t\t<div class=\"elementor-widget-container\">\n\t\t\t\t\t\t\t\t\t\t\t\t\t\t\t<img fetchpriority=\"high\" decoding=\"async\" width=\"800\" height=\"800\" src=\"https:\/\/mentesutakon.hu\/wp-content\/uploads\/2023\/02\/az-en-tortenetem-1024x1024.png\" class=\"attachment-large size-large wp-image-8916\" alt=\"Mentes Utakon - Az \u00e9n t\u00f6rt\u00e9netem: Egy-\u00e9leted interj\u00fa\" srcset=\"https:\/\/mentesutakon.hu\/wp-content\/uploads\/2023\/02\/az-en-tortenetem-1024x1024.png 1024w, https:\/\/mentesutakon.hu\/wp-content\/uploads\/2023\/02\/az-en-tortenetem-700x700.png 700w, https:\/\/mentesutakon.hu\/wp-content\/uploads\/2023\/02\/az-en-tortenetem-150x150.png 150w, https:\/\/mentesutakon.hu\/wp-content\/uploads\/2023\/02\/az-en-tortenetem-768x768.png 768w, https:\/\/mentesutakon.hu\/wp-content\/uploads\/2023\/02\/az-en-tortenetem-12x12.png 12w, https:\/\/mentesutakon.hu\/wp-content\/uploads\/2023\/02\/az-en-tortenetem-600x600.png 600w, https:\/\/mentesutakon.hu\/wp-content\/uploads\/2023\/02\/az-en-tortenetem-100x100.png 100w, https:\/\/mentesutakon.hu\/wp-content\/uploads\/2023\/02\/az-en-tortenetem.png 1080w\" sizes=\"(max-width: 800px) 100vw, 800px\" \/>\t\t\t\t\t\t\t\t\t\t\t\t\t\t\t<\/div>\n\t\t\t\t<\/div>\n\t\t\t\t<div class=\"elementor-element elementor-element-21e62bc0 elementor-widget elementor-widget-text-editor\" data-id=\"21e62bc0\" data-element_type=\"widget\" data-e-type=\"widget\" data-settings=\"{&quot;ekit_we_effect_on&quot;:&quot;none&quot;}\" data-widget_type=\"text-editor.default\">\n\t\t\t\t<div class=\"elementor-widget-container\">\n\t\t\t\t\t\t\t\t\t<p>Az elm\u00falt 3,5 \u00e9vben gy\u00f6keresen felfordult az \u00e9letem, viszont igyekeztem minden neh\u00e9zs\u00e9get az el\u0151ny\u00f6mre ford\u00edtani, \u00e9s valami j\u00f3t kihozni bel\u0151le\u2026 \u00cdgy sz\u00fcletett meg a Mentes Utakon blog is, ami abszol\u00fat hobbik\u00e9nt indult. Viszont az\u00f3ta m\u00e1r hossz\u00fa \u00fat \u00e1ll m\u00f6g\u00f6ttem, ez\u00e9rt \u00fagy gondolom, a szem\u00e9lyes t\u00f6rt\u00e9netem sokak sz\u00e1m\u00e1ra lehet tanuls\u00e1gos, \u00e9s nagyon v\u00e1rtam m\u00e1r, hogy valamilyen form\u00e1ban ezt megoszthassam Veletek! Szerencs\u00e9re az <a href=\"https:\/\/www.facebook.com\/egyeleted\" target=\"_blank\" rel=\"noopener\">EGY\u00e9leted<\/a> partnerek\u00e9nt, h\u00e1la Tak\u00e1cs-Na\u00e1r Emes\u00e9nek, erre most lehet\u0151s\u00e9gem is ad\u00f3dott.<span class=\"Apple-converted-space\">\u00a0<\/span><\/p><ul><li>Mi\u00e9rt d\u00f6nt\u00f6ttem \u00fagy, hogy az eg\u00e9szs\u00e9gnek szentelem az \u00e9letem?<\/li><li>Milyen eg\u00e9szs\u00e9g\u00fcgyi kih\u00edv\u00e1sokon mentem \u00e1t, \u00e9s hogyan kerekedtem fel\u00fcl ezeken?<\/li><li>Na \u00e9s hogy j\u00f6n ehhez a <a href=\"https:\/\/www.facebook.com\/mentesbor\" target=\"_blank\" rel=\"noopener\">Mentes Bor<\/a>?<br \/><br \/><\/li><\/ul><p>T\u00f6bbek k\u00f6z\u00f6tt ezekr\u0151l hallhattok a velem k\u00e9sz\u00edtett interj\u00faban!<\/p>\t\t\t\t\t\t\t\t<\/div>\n\t\t\t\t<\/div>\n\t\t\t\t<div class=\"elementor-element elementor-element-40f49ab elementor-widget elementor-widget-video\" data-id=\"40f49ab\" data-element_type=\"widget\" data-e-type=\"widget\" data-settings=\"{&quot;youtube_url&quot;:&quot;https:\\\/\\\/youtu.be\\\/UgY3h5-ENkI&quot;,&quot;yt_privacy&quot;:&quot;yes&quot;,&quot;lazy_load&quot;:&quot;yes&quot;,&quot;video_type&quot;:&quot;youtube&quot;,&quot;controls&quot;:&quot;yes&quot;,&quot;ekit_we_effect_on&quot;:&quot;none&quot;}\" data-widget_type=\"video.default\">\n\t\t\t\t<div class=\"elementor-widget-container\">\n\t\t\t\t\t\t\t<div class=\"elementor-wrapper elementor-open-inline\">\n\t\t\t<div class=\"elementor-video\"><\/div>\t\t<\/div>\n\t\t\t\t\t\t<\/div>\n\t\t\t\t<\/div>\n\t\t\t\t<div class=\"elementor-element elementor-element-2ca6a73c elementor-widget elementor-widget-text-editor\" data-id=\"2ca6a73c\" data-element_type=\"widget\" data-e-type=\"widget\" data-settings=\"{&quot;ekit_we_effect_on&quot;:&quot;none&quot;}\" data-widget_type=\"text-editor.default\">\n\t\t\t\t<div class=\"elementor-widget-container\">\n\t\t\t\t\t\t\t\t\t<p>Fogadj\u00e1tok szeretettel, b\u00edzom benne, hogy inspir\u00e1l\u00f3 lesz sz\u00e1motokra is!<\/p><p>Detti<\/p>\t\t\t\t\t\t\t\t<\/div>\n\t\t\t\t<\/div>\n\t\t\t\t\t<\/div>\n\t\t<\/div>\n\t\t\t\t\t<\/div>\n\t\t<\/section>\n\t\t\t\t<\/div>","protected":false},"excerpt":{"rendered":"<p>Az elm\u00falt 3,5 \u00e9vben gy\u00f6keresen felfordult az \u00e9letem, viszont igyekeztem minden neh\u00e9zs\u00e9get az el\u0151ny\u00f6mre ford\u00edtani, \u00e9s valami j\u00f3t kihozni bel\u0151le\u2026 \u00cdgy sz\u00fcletett meg a Mentes Utakon blog is, ami abszol\u00fat hobbik\u00e9nt indult. Viszont az\u00f3ta m\u00e1r hossz\u00fa \u00fat \u00e1ll m\u00f6g\u00f6ttem, ez\u00e9rt \u00fagy gondolom, a szem\u00e9lyes t\u00f6rt\u00e9netem sokak sz\u00e1m\u00e1ra lehet tanuls\u00e1gos, \u00e9s nagyon v\u00e1rtam m\u00e1r, hogy valamilyen [&hellip;]<\/p>\n","protected":false},"author":3,"featured_media":8916,"comment_status":"open","ping_status":"open","sticky":false,"template":"","format":"standard","meta":{"footnotes":""},"categories":[13],"tags":[],"class_list":["post-8915","post","type-post","status-publish","format-standard","has-post-thumbnail","hentry","category-blog"],"_links":{"self":[{"href":"https:\/\/mentesutakon.hu\/en\/wp-json\/wp\/v2\/posts\/8915","targetHints":{"allow":["GET"]}}],"collection":[{"href":"https:\/\/mentesutakon.hu\/en\/wp-json\/wp\/v2\/posts"}],"about":[{"href":"https:\/\/mentesutakon.hu\/en\/wp-json\/wp\/v2\/types\/post"}],"author":[{"embeddable":true,"href":"https:\/\/mentesutakon.hu\/en\/wp-json\/wp\/v2\/users\/3"}],"replies":[{"embeddable":true,"href":"https:\/\/mentesutakon.hu\/en\/wp-json\/wp\/v2\/comments?post=8915"}],"version-history":[{"count":0,"href":"https:\/\/mentesutakon.hu\/en\/wp-json\/wp\/v2\/posts\/8915\/revisions"}],"wp:featuredmedia":[{"embeddable":true,"href":"https:\/\/mentesutakon.hu\/en\/wp-json\/wp\/v2\/media\/8916"}],"wp:attachment":[{"href":"https:\/\/mentesutakon.hu\/en\/wp-json\/wp\/v2\/media?parent=8915"}],"wp:term":[{"taxonomy":"category","embeddable":true,"href":"https:\/\/mentesutakon.hu\/en\/wp-json\/wp\/v2\/categories?post=8915"},{"taxonomy":"post_tag","embeddable":true,"href":"https:\/\/mentesutakon.hu\/en\/wp-json\/wp\/v2\/tags?post=8915"}],"curies":[{"name":"wp","href":"https:\/\/api.w.org\/{rel}","templated":true}]}}