{"id":7919,"date":"2023-01-05T14:10:12","date_gmt":"2023-01-05T13:10:12","guid":{"rendered":"https:\/\/mentesutakon.hu\/?p=7919"},"modified":"2023-06-30T14:12:14","modified_gmt":"2023-06-30T12:12:14","slug":"eletmodvaltas-alapok-mit-fogadj-meg-ev-elejen","status":"publish","type":"post","link":"https:\/\/mentesutakon.hu\/en\/eletmodvaltas-alapok-mit-fogadj-meg-ev-elejen\/","title":{"rendered":"\u00c9letm\u00f3dv\u00e1lt\u00e1s alapok \u2013 mit fogadj meg \u00e9v elej\u00e9n?"},"content":{"rendered":"<div data-elementor-type=\"wp-post\" data-elementor-id=\"7919\" class=\"elementor elementor-7919\" data-elementor-post-type=\"post\">\n\t\t\t\t\t\t<section class=\"elementor-section elementor-top-section elementor-element elementor-element-16ccc85c elementor-section-boxed elementor-section-height-default elementor-section-height-default\" data-id=\"16ccc85c\" data-element_type=\"section\" data-e-type=\"section\" data-settings=\"{&quot;ekit_has_onepagescroll_dot&quot;:&quot;yes&quot;}\">\n\t\t\t\t\t\t<div class=\"elementor-container elementor-column-gap-default\">\n\t\t\t\t\t<div class=\"elementor-column elementor-col-100 elementor-top-column elementor-element elementor-element-2b3656a9\" data-id=\"2b3656a9\" data-element_type=\"column\" data-e-type=\"column\">\n\t\t\t<div class=\"elementor-widget-wrap elementor-element-populated\">\n\t\t\t\t\t\t<div class=\"elementor-element elementor-element-34dc5229 elementor-widget elementor-widget-image\" data-id=\"34dc5229\" data-element_type=\"widget\" data-e-type=\"widget\" data-settings=\"{&quot;ekit_we_effect_on&quot;:&quot;none&quot;}\" data-widget_type=\"image.default\">\n\t\t\t\t<div class=\"elementor-widget-container\">\n\t\t\t\t\t\t\t\t\t\t\t\t\t\t\t<img fetchpriority=\"high\" decoding=\"async\" width=\"800\" height=\"800\" src=\"https:\/\/mentesutakon.hu\/wp-content\/uploads\/2023\/01\/Eletmodvaltas-alapok-1024x1024.png\" class=\"attachment-large size-large wp-image-7920\" alt=\"Mentes Utakon - \u00c9letm\u00f3dv\u00e1lt\u00e1s alapok - Mit fogadj meg \u00e9v elej\u00e9n?\" srcset=\"https:\/\/mentesutakon.hu\/wp-content\/uploads\/2023\/01\/Eletmodvaltas-alapok-1024x1024.png 1024w, https:\/\/mentesutakon.hu\/wp-content\/uploads\/2023\/01\/Eletmodvaltas-alapok-700x700.png 700w, https:\/\/mentesutakon.hu\/wp-content\/uploads\/2023\/01\/Eletmodvaltas-alapok-150x150.png 150w, https:\/\/mentesutakon.hu\/wp-content\/uploads\/2023\/01\/Eletmodvaltas-alapok-768x768.png 768w, https:\/\/mentesutakon.hu\/wp-content\/uploads\/2023\/01\/Eletmodvaltas-alapok-12x12.png 12w, https:\/\/mentesutakon.hu\/wp-content\/uploads\/2023\/01\/Eletmodvaltas-alapok-600x600.png 600w, https:\/\/mentesutakon.hu\/wp-content\/uploads\/2023\/01\/Eletmodvaltas-alapok-100x100.png 100w, https:\/\/mentesutakon.hu\/wp-content\/uploads\/2023\/01\/Eletmodvaltas-alapok.png 1080w\" sizes=\"(max-width: 800px) 100vw, 800px\" \/>\t\t\t\t\t\t\t\t\t\t\t\t\t\t\t<\/div>\n\t\t\t\t<\/div>\n\t\t\t\t<div class=\"elementor-element elementor-element-62d4679a elementor-widget elementor-widget-text-editor\" data-id=\"62d4679a\" data-element_type=\"widget\" data-e-type=\"widget\" data-settings=\"{&quot;ekit_we_effect_on&quot;:&quot;none&quot;}\" data-widget_type=\"text-editor.default\">\n\t\t\t\t<div class=\"elementor-widget-container\">\n\t\t\t\t\t\t\t\t\t<p>El\u0151sz\u00f6r is: boldog \u00faj \u00e9vet k\u00edv\u00e1nok minden kedves el\u0151fizet\u0151mnek, feliratkoz\u00f3mnak!<\/p><p>Ebben az id\u0151szakban sokakn\u00e1l el\u0151t\u00e9rbe ker\u00fclnek az \u00faj\u00e9vi fogadalmak, hogy az \u00faj \u00e9v lelkileg, szellemileg, fizik\u00e1lisan \u00e9s eg\u00e9szs\u00e9g\u00fcgyileg is eredm\u00e9nyesebb legyen az el\u0151z\u0151n\u00e9l. A lelkesed\u00e9s azonban k\u00f6nnyen al\u00e1bbhagy, f\u0151leg, ha valaki hirtelen szeretne drasztikus v\u00e1ltoz\u00e1st.<\/p><p>Most \u00f6sszeszedtem Nektek n\u00e9h\u00e1ny dolgot, amit \u00e9n a legfontosabbnak tartok az \u00e9letm\u00f3dv\u00e1lt\u00e1sban, \u00e9s az alapj\u00e1t jelentik a hossz\u00fat\u00e1v\u00fa eg\u00e9szs\u00e9gnek. B\u00edzom benne, hogy ezzel egy kis motiv\u00e1ci\u00f3t tudok ny\u00fajtani ahhoz, hogy eg\u00e9sz \u00e9vben kitartson a lelkesed\u00e9setek, \u00e9s jobban \u00e9rezz\u00e9tek magatokat a b\u0151r\u00f6t\u00f6kben, mint valaha.<\/p>\t\t\t\t\t\t\t\t<\/div>\n\t\t\t\t<\/div>\n\t\t\t\t<div class=\"elementor-element elementor-element-1f03d233 elementor-widget elementor-widget-heading\" data-id=\"1f03d233\" data-element_type=\"widget\" data-e-type=\"widget\" data-settings=\"{&quot;ekit_we_effect_on&quot;:&quot;none&quot;}\" data-widget_type=\"heading.default\">\n\t\t\t\t<div class=\"elementor-widget-container\">\n\t\t\t\t\t<h2 class=\"elementor-heading-title elementor-size-default\">A kiindul\u00e1si pont: l\u00e9gy fontos \u00f6nmagadnak <\/h2>\t\t\t\t<\/div>\n\t\t\t\t<\/div>\n\t\t\t\t<div class=\"elementor-element elementor-element-15a17144 elementor-widget elementor-widget-text-editor\" data-id=\"15a17144\" data-element_type=\"widget\" data-e-type=\"widget\" data-settings=\"{&quot;ekit_we_effect_on&quot;:&quot;none&quot;}\" data-widget_type=\"text-editor.default\">\n\t\t\t\t<div class=\"elementor-widget-container\">\n\t\t\t\t\t\t\t\t\t<p>Sokszor tapasztalom \u2013 sajnos n\u00e9ha m\u00e9g magamon is, b\u00e1r \u00e9n m\u00e1r viszonylag j\u00f3l lek\u00fczd\u00f6ttem -, hogy sokak sz\u00e1m\u00e1ra luxus az, hogy \u00f6nmag\u00e1val foglalkozzon. Pedig mi lehet fontosabb az eg\u00e9szs\u00e9g\u00fcnkn\u00e9l \u00e9s a lelk\u00fcnkn\u00e9l? Munka, p\u00e9nz, m\u00e1soknak val\u00f3 megfelel\u00e9s\u2026 Ki tudjuk \u00e9lvezni ezek eredm\u00e9ny\u00e9t, ha k\u00f6zben lelkileg\/fizikailag rossz \u00e1llapotban vagyunk? Vagy ezekt\u0151l v\u00e1rjuk, hogy majd jobban \u00e9rezz\u00fck magunkat? \u00c1ltal\u00e1ban ezek sajnos nem m\u0171k\u00f6dnek, \u00e9s k\u00f6nny\u0171 beleesni a csapd\u00e1ba, amikor soha nem el\u00e9g semmi, mindig t\u00f6bbet\/jobbat akarunk, \u00e9s k\u00f6zben elfelejt\u00fcnk t\u00e9nylegesen magunkra is id\u0151t sz\u00e1nni.<\/p><p>Persze mindenkinek vannak k\u00f6teless\u00e9gei, \u00e9s nem is azt mondom, hogy ezekben nem kell helyt \u00e1llni. Mind\u00f6ssze annyit k\u00e9rek, hogy ne feledkezz meg k\u00f6zben magadr\u00f3l. Szeresd \u00f6nmagad, \u00e9s t\u00f6r\u0151dj magaddal! Meg\u00e9rdemled! Hidd el, k\u00f6teless\u00e9gek ell\u00e1t\u00e1sa is k\u00f6nnyebben, hat\u00e9konyabban fog menni, ha magasabb az energiaszinted, motiv\u00e1ltabb, boldogabb vagy!<\/p>\t\t\t\t\t\t\t\t<\/div>\n\t\t\t\t<\/div>\n\t\t\t\t<div class=\"elementor-element elementor-element-382d2904 elementor-widget elementor-widget-heading\" data-id=\"382d2904\" data-element_type=\"widget\" data-e-type=\"widget\" data-settings=\"{&quot;ekit_we_effect_on&quot;:&quot;none&quot;}\" data-widget_type=\"heading.default\">\n\t\t\t\t<div class=\"elementor-widget-container\">\n\t\t\t\t\t<h2 class=\"elementor-heading-title elementor-size-default\">\u00c9letm\u00f3d<\/h2>\t\t\t\t<\/div>\n\t\t\t\t<\/div>\n\t\t\t\t<div class=\"elementor-element elementor-element-46a4d94 elementor-widget elementor-widget-text-editor\" data-id=\"46a4d94\" data-element_type=\"widget\" data-e-type=\"widget\" data-settings=\"{&quot;ekit_we_effect_on&quot;:&quot;none&quot;}\" data-widget_type=\"text-editor.default\">\n\t\t\t\t<div class=\"elementor-widget-container\">\n\t\t\t\t\t\t\t\t\t<p>Na n\u00e9zz\u00fck, hogy ha elsz\u00e1ntad magad, mivel \u00e9rdemes kezdeni az esetleges eg\u00e9szs\u00e9g\u00fcgyi probl\u00e9m\u00e1idt\u00f3l f\u00fcggetlen\u00fcl. Ezek olyan alappill\u00e9rek az eg\u00e9szs\u00e9ges, kiegyens\u00falyozott \u00e9letm\u00f3dhoz, amiket nem fogsz tudni kiker\u00fclni, \u00e9s nem mellesleg a ment\u00e1lis eg\u00e9szs\u00e9gedre is nagy hat\u00e1ssal vannak. Ha ezekre figyelsz, azonnal \u00e9rezni fogod az eredm\u00e9ny\u00e9t.<\/p><ul><li>Alv\u00e1s: igyekezz napi 8 \u00f3r\u00e1t aludni, de 7-n\u00e9l semmik\u00e9pp ne kevesebbet; \u00e9s legk\u00e9s\u0151bb lehet\u0151leg 11 \u00f3rakor t\u00e9rj nyugov\u00f3ra. Ez fontos a regener\u00e1ci\u00f3, a cirkadi\u00e1n ritmus (szervezet\u00fcnk term\u00e9szetes napi ritmusa) \u00e9s sok m\u00e1s szempontb\u00f3l is. A j\u00f3 alv\u00e1st seg\u00edti a megfelel\u0151 esti rutin. Elalv\u00e1s el\u0151tt 2 \u00f3r\u00e1val m\u00e1r ne egy\u00e9l, \u00e9s az elalv\u00e1s el\u0151tti \u00f3r\u00e1kban ker\u00fcld az er\u0151s f\u00e9nyt, hangos zen\u00e9t, hangol\u00f3dj a pihen\u00e9sre.<\/li><li>Folyad\u00e9kfogyaszt\u00e1s: testt\u00f6meg kilogrammonk\u00e9nt minimum 0,3 dl sz\u0171rt v\u00edz fogyaszt\u00e1sa javasolt naponta. Kifejezetten a sz\u0171rt vizet javaslom m\u0171anyag palackos \u00e1sv\u00e1nyv\u00edz vagy sima csapv\u00edz helyett, vagy gy\u00f3gyte\u00e1kat. \u00dcd\u00edt\u0151k fogyaszt\u00e1s\u00e1t nem is javaslom (persze nagyon ritk\u00e1n belef\u00e9r egy kev\u00e9s), maximum 100%-os gy\u00fcm\u00f6lcsleveket, aloevera italt, k\u00f3kuszvizet \u00e9s hasonl\u00f3 eg\u00e9szs\u00e9ges alternat\u00edv\u00e1kat, term\u00e9szetesen m\u00e9rt\u00e9kkel.<\/li><li>T\u00e1pl\u00e1lkoz\u00e1s: ezt egy k\u00fcl\u00f6n cikkben \u00f6sszeszedem majd r\u00e9szletesebben, hogy mik az eg\u00e9szs\u00e9ges t\u00e1pl\u00e1lkoz\u00e1s alapjai, de amit k\u00f6nnyed\u00e9n megtehetsz (amellett, hogy persze \u00fcgyelsz az egy\u00e9ni \u00e1llapotodhoz igaz\u00edtott t\u00e1pl\u00e1lkoz\u00e1sra), hogy ker\u00fcl\u00f6d a (magasan) feldolgozott, ipari term\u00e9keket. A t\u00e1pl\u00e1lkoz\u00e1sod nagy r\u00e9sz\u00e9t tegy\u00e9k ki egy\u00e9ni toleranci\u00e1d szerinti z\u00f6lds\u00e9gek, gy\u00fcm\u00f6lcs\u00f6k, gabon\u00e1k, h\u00fcvelyesek \u00e9s magvak. Ker\u00fcld az adal\u00e9kanyagokat, \u00edzfokoz\u00f3kat, tart\u00f3s\u00edt\u00f3szereket. Egysz\u00f3val, igyekezz min\u00e9l TISZT\u00c1BBAN \u00e9tkezni. Tervezd meg el\u0151re heti \u00e9trendet, \u00e9s k\u00e9sz\u00fclj fel a v\u00e1ratlan helyzetekre is valamilyen egyszer\u0171, eg\u00e9szs\u00e9ges harapnival\u00f3kkal.<\/li><li>Mozg\u00e1s: heti minimum h\u00e1romszor 30, de ink\u00e1bb 45 perc mindenki sz\u00e1m\u00e1ra javasolt szem\u00e9lyre szabott intenzit\u00e1ssal, mozg\u00e1sform\u00e1val. Emellett napi 8-10 ezer l\u00e9p\u00e9s is sokat sz\u00e1m\u00edt. A mozg\u00e1s irt\u00f3 sok mindenben seg\u00edt, ne becs\u00fclj\u00fck al\u00e1! Egyr\u00e9szt az emberi test nem \u00fcl\u00e9sre lett kital\u00e1lva, hossz\u00fat\u00e1v\u00fa eg\u00e9szs\u00e9g\u00fcnkr\u0151l, \u00e1ll\u00f3k\u00e9pess\u00e9g\u00fcnkr\u0151l a rendszeres testmozg\u00e1ssal gondolkodhatunk az egyik legjobban. \u00c9s bizony az em\u00e9szt\u00e9sre, v\u00e9rkering\u00e9sre, immunrendszerre (stb\u2026), de m\u00e9g a hangulatra is j\u00f3 hat\u00e1ssal van!<\/li><li>Stresszkezel\u00e9s: ennek a jelent\u0151s\u00e9g\u00e9r\u0151l m\u00e1r \u00edrtam egy k\u00fcl\u00f6n hosszabb <a href=\"https:\/\/mentesutakon.hu\/en\/no-stress-stressz-eletmod-es-egeszseg\/\">cikket<\/a>. A stresszt teljesen elker\u00fclni nem lehet, de szemben\u00e9zhet\u00fcnk vele, mi az, amin tudunk v\u00e1ltoztatni, esetleg elker\u00fclni, de ami enn\u00e9l is fontosabb, az a szeml\u00e9letm\u00f3d form\u00e1l\u00e1s \u00e9s a stresszkezel\u00e9s. Ezen a megfelel\u0151 \u00e9nid\u0151vel sokat seg\u00edthet\u00fcnk, lentebb \u00edrok err\u0151l.<\/li><li>Napi rutin: minden fenti dologban nagy seg\u00edts\u00e9g, ha van egy kialak\u00edtott napi rutinunk, amihez tartani igyeksz\u00fcnk magunkat. Persze tudom, hogy vannak olyan munkak\u00f6r\u00f6k \u00e9s \u00e9lethelyzetek, ahol nem lehet minden nap \u201eugyan olyan\u201d, de a tervez\u00e9s mindig sokat seg\u00edt!<\/li><\/ul>\t\t\t\t\t\t\t\t<\/div>\n\t\t\t\t<\/div>\n\t\t\t\t<div class=\"elementor-element elementor-element-6b47aa56 elementor-widget elementor-widget-heading\" data-id=\"6b47aa56\" data-element_type=\"widget\" data-e-type=\"widget\" data-settings=\"{&quot;ekit_we_effect_on&quot;:&quot;none&quot;}\" data-widget_type=\"heading.default\">\n\t\t\t\t<div class=\"elementor-widget-container\">\n\t\t\t\t\t<h2 class=\"elementor-heading-title elementor-size-default\">Kapcsolatok<\/h2>\t\t\t\t<\/div>\n\t\t\t\t<\/div>\n\t\t\t\t<div class=\"elementor-element elementor-element-4597b9c elementor-widget elementor-widget-text-editor\" data-id=\"4597b9c\" data-element_type=\"widget\" data-e-type=\"widget\" data-settings=\"{&quot;ekit_we_effect_on&quot;:&quot;none&quot;}\" data-widget_type=\"text-editor.default\">\n\t\t\t\t<div class=\"elementor-widget-container\">\n\t\t\t\t\t\t\t\t\t<p>Kapcsol\u00f3d\u00e1sok n\u00e9lk\u00fcl neh\u00e9z megtal\u00e1lni a hely\u00fcnket a vil\u00e1gban, \u00e9s teljesnek \u00e9rezni az \u00e9let\u00fcnket. A lelki \u00e9s a testi eg\u00e9szs\u00e9g\u00fcnk pedig szorosan \u00f6sszef\u00fcgg egym\u00e1ssal. Azonban nem csak a m\u00e1sokkal val\u00f3 kapcsol\u00f3d\u00e1s, hanem az \u00f6nmagunkkal val\u00f3 kapcsolatunk is rendk\u00edv\u00fcl fontos szerepet j\u00e1tszik ebben.<\/p><ul><li>Kapcsol\u00f3dj m\u00e1sokkal: sz\u00e1nj id\u0151t a csal\u00e1dodra, bar\u00e1taidra, ha van, t\u00f6lts min\u0151s\u00e9gi id\u0151t a p\u00e1roddal. Szelekt\u00e1ld a kapcsolataidat, ker\u00fcld a m\u00e9rgez\u0151eket. L\u00e9gy \u0151szinte, t\u00f6rekedj megbesz\u00e9lni a probl\u00e9m\u00e1kat, ha valami zavar, mondd el m\u00e1soknak, hogy \u00e9rzel. A k\u00f6z\u00f6ss\u00e9gi m\u00e9di\u00e1n pedig k\u00f6vesd ki azokat a fi\u00f3kokat \/ ismer\u0151s\u00f6ket, melyek rossz \u00e9rz\u00e9ssel t\u00f6ltenek el, \u00e9s helyette f\u00f3kusz\u00e1lj a val\u00f3di kapcsolatokra. Most ezek nagyon k\u00f6zhelyes dolgok, de sokan ezekig az alap l\u00e9p\u00e9sekig sem jutnak el, ez\u00e9rt eml\u00e9keztet\u0151nek szeretn\u00e9m ezt is itthagyni.<\/li><li>Kapcsol\u00f3dj magaddal: b\u00e1rmi j\u00f3 lehet, amikor magadra f\u00f3kusz\u00e1lsz, \u00e9s ki tud kapcsolni az agyad (vagyis nem a h\u00e9tk\u00f6znapi dolgokon kattogsz). Sport, kir\u00e1ndul\u00e1s, erd\u0151f\u00fcrd\u0151, wellness\/szauna, massz\u00e1zs, j\u00f3ga, medit\u00e1ci\u00f3, l\u00e9gz\u0151gyakorlatok (l\u00e9gz\u00e9s lass\u00edt\u00e1sa), \u00f6nfejleszt\u00e9s (podcastek, k\u00f6nyvek, k\u00e9pz\u00e9sek\u2026), b\u00e1rmi j\u00f3, ami NEKED seg\u00edt kikapcsolni, ellazulni. Sose feledd, hogy seg\u00edts\u00e9get k\u00e9rni nem sz\u00e9gyen, hanem b\u00e1tors\u00e1g, tudatoss\u00e1g. Term\u00e9szetes, hogy vannak olyan id\u0151szakok az \u00e9let\u00fcnkben, amikor k\u00fcls\u0151 seg\u00edts\u00e9gre van sz\u00fcks\u00e9g\u00fcnk. Mi lehet ez? Coach, kineziol\u00f3gus, pszichol\u00f3gus, csal\u00e1d\u00e1ll\u00edt\u00e1s stb., ami NEKED szimpatikus \u00e9s nyitott vagy r\u00e1.<br \/><br \/><\/li><\/ul><p>R\u00f6viden ezek a f\u0151 gondolatok, amiket \u00e9v elej\u00e9n szerettem volna \u00e1tadni Nektek. Boldog, sikerekben, eg\u00e9szs\u00e9gben, szeretetben gazdag \u00faj \u00e9vet k\u00edv\u00e1nok! B\u00edzom benne, hogy ennek el\u00e9r\u00e9s\u00e9ben \u00e9n is a seg\u00edts\u00e9getekre lehetek!<\/p><p>\u00a0<\/p><p>Szeretettel,<\/p><p>Detti<\/p>\t\t\t\t\t\t\t\t<\/div>\n\t\t\t\t<\/div>\n\t\t\t\t\t<\/div>\n\t\t<\/div>\n\t\t\t\t\t<\/div>\n\t\t<\/section>\n\t\t\t\t<section class=\"elementor-section elementor-top-section elementor-element elementor-element-36ec5cda elementor-hidden-desktop elementor-hidden-tablet elementor-hidden-mobile elementor-section-boxed elementor-section-height-default elementor-section-height-default\" data-id=\"36ec5cda\" data-element_type=\"section\" data-e-type=\"section\" data-settings=\"{&quot;ekit_has_onepagescroll_dot&quot;:&quot;yes&quot;}\">\n\t\t\t\t\t\t<div class=\"elementor-container elementor-column-gap-default\">\n\t\t\t\t\t<div class=\"elementor-column elementor-col-100 elementor-top-column elementor-element elementor-element-44cc9e96\" data-id=\"44cc9e96\" data-element_type=\"column\" data-e-type=\"column\">\n\t\t\t<div class=\"elementor-widget-wrap elementor-element-populated\">\n\t\t\t\t\t\t<div class=\"elementor-element elementor-element-33bf85b2 elementor-invisible elementor-widget elementor-widget-heading\" data-id=\"33bf85b2\" data-element_type=\"widget\" data-e-type=\"widget\" data-settings=\"{&quot;_animation&quot;:&quot;fadeInUp&quot;,&quot;ekit_we_effect_on&quot;:&quot;none&quot;}\" data-widget_type=\"heading.default\">\n\t\t\t\t<div class=\"elementor-widget-container\">\n\t\t\t\t\t<h2 class=\"elementor-heading-title elementor-size-default\">Hopp\u00e1!<\/h2>\t\t\t\t<\/div>\n\t\t\t\t<\/div>\n\t\t\t\t<div class=\"elementor-element elementor-element-125f9207 elementor-invisible elementor-widget elementor-widget-text-editor\" data-id=\"125f9207\" data-element_type=\"widget\" data-e-type=\"widget\" data-settings=\"{&quot;_animation&quot;:&quot;fadeInUp&quot;,&quot;ekit_we_effect_on&quot;:&quot;none&quot;}\" data-widget_type=\"text-editor.default\">\n\t\t\t\t<div class=\"elementor-widget-container\">\n\t\t\t\t\t\t\t\t\t<div class=\"bee-block bee-block-1 bee-heading\"><span style=\"color: #333333; font-family: Georgia, 'Times New Roman', 'Bitstream Charter', Times, serif; font-size: 16px;\">Ez a tartalom csak el\u0151fizet\u00e9ssel el\u00e9rhet\u0151. Amennyiben rendelkezel el\u0151fizet\u00e9ses fi\u00f3kkal, k\u00e9rlek jelentkezz be az oldal megtekint\u00e9s\u00e9hez.<\/span><\/div>\t\t\t\t\t\t\t\t<\/div>\n\t\t\t\t<\/div>\n\t\t\t\t<div class=\"elementor-element elementor-element-1b7b9072 elementor-widget elementor-widget-login\" data-id=\"1b7b9072\" data-element_type=\"widget\" data-e-type=\"widget\" data-settings=\"{&quot;ekit_we_effect_on&quot;:&quot;none&quot;}\" data-widget_type=\"login.default\">\n\t\t\t\t<div class=\"elementor-widget-container\">\n\t\t\t\t\t\t\t<form class=\"elementor-login elementor-form\" method=\"post\" action=\"https:\/\/mentesutakon.hu\/wp-login.php\" aria-label=\"Login form\">\n\t\t\t<input type=\"hidden\" name=\"redirect_to\" value=\"\/en\/wp-json\/wp\/v2\/posts\/7919\">\n\t\t\t<div class=\"elementor-form-fields-wrapper\">\n\t\t\t\t<div class=\"elementor-field-type-text elementor-field-group elementor-column elementor-col-100 elementor-field-required\">\n\t\t\t\t\t<label for=\"user-1b7b9072\" class=\"elementor-field-label\"><\/label>\n\t\t\t\t\t<input size=\"1\" type=\"text\" name=\"log\" id=\"user-1b7b9072\" placeholder=\"Felhaszn\u00e1l\u00f3n\u00e9v vagy Email c\u00edm\" class=\"elementor-field elementor-field-textual elementor-size-sm\">\n\t\t\t\t<\/div>\n\t\t\t\t<div class=\"elementor-field-type-text elementor-field-group elementor-column elementor-col-100 elementor-field-required\">\n\t\t\t\t\t<label for=\"password-1b7b9072\" class=\"elementor-field-label\"><\/label>\n\t\t\t\t\t<input size=\"1\" type=\"password\" name=\"pwd\" id=\"password-1b7b9072\" placeholder=\"Jelsz\u00f3\" class=\"elementor-field elementor-field-textual elementor-size-sm\">\n\t\t\t\t<\/div>\n\n\t\t\t\t\t\t\t\t\t<div class=\"elementor-field-type-checkbox elementor-field-group elementor-column elementor-col-100 elementor-remember-me\">\n\t\t\t\t\t\t<label for=\"elementor-login-remember-me\">\n\t\t\t\t\t\t\t<input type=\"checkbox\" id=\"elementor-login-remember-me\" name=\"rememberme\" value=\"forever\">\n\t\t\t\t\t\t\tRemember Me\t\t\t\t\t\t<\/label>\n\t\t\t\t\t<\/div>\n\t\t\t\t\n\t\t\t\t<div class=\"elementor-field-group elementor-column elementor-field-type-submit elementor-col-100\">\n\t\t\t\t\t<button type=\"submit\" class=\"elementor-size-sm elementor-button\" name=\"wp-submit\">\n\t\t\t\t\t\t\t\t\t\t\t\t\t\t\t<span class=\"elementor-button-text\">Bejelentkez\u00e9s<\/span>\n\t\t\t\t\t\t\t\t\t\t\t\t<\/button>\n\t\t\t\t<\/div>\n\n\t\t\t\t\t\t\t\t\t<div class=\"elementor-field-group elementor-column elementor-col-100\">\n\t\t\t\t\t\t\t\t\t\t\t\t\t\t\t\t\t\t\t\t<a class=\"elementor-lost-password\" href=\"https:\/\/mentesutakon.hu\/en\/fiokom\/elfelejtett-jelszo\/\">\n\t\t\t\t\t\t\t\tLost your password?\t\t\t\t\t\t\t<\/a>\n\t\t\t\t\t\t\n\t\t\t\t\t\t\t\t\t\t\t<\/div>\n\t\t\t\t\t\t\t<\/div>\n\t\t<\/form>\n\t\t\t\t\t\t<\/div>\n\t\t\t\t<\/div>\n\t\t\t\t<div class=\"elementor-element elementor-element-4afe98a9 elementor-invisible elementor-widget elementor-widget-text-editor\" data-id=\"4afe98a9\" data-element_type=\"widget\" data-e-type=\"widget\" data-settings=\"{&quot;_animation&quot;:&quot;fadeInUp&quot;,&quot;ekit_we_effect_on&quot;:&quot;none&quot;}\" data-widget_type=\"text-editor.default\">\n\t\t\t\t<div class=\"elementor-widget-container\">\n\t\t\t\t\t\t\t\t\t<div class=\"bee-block bee-block-1 bee-heading\">M\u00e9g nincs fi\u00f3kod, de szeretn\u00e9d l\u00e1tni a fizet\u0151s tartalmakat?\u00a0<span style=\"color: #85b216;\"><a style=\"color: #85b216;\" role=\"button\" href=\"https:\/\/mentesutakon.hu\/en\/elofizetes\/#csomagok\">ITT TUDSZ EL\u0150FIZETNI!<\/a><\/span><\/div>\t\t\t\t\t\t\t\t<\/div>\n\t\t\t\t<\/div>\n\t\t\t\t\t<\/div>\n\t\t<\/div>\n\t\t\t\t\t<\/div>\n\t\t<\/section>\n\t\t\t\t<\/div>","protected":false},"excerpt":{"rendered":"<p>El\u0151sz\u00f6r is: boldog \u00faj \u00e9vet k\u00edv\u00e1nok minden kedves el\u0151fizet\u0151mnek, feliratkoz\u00f3mnak! Ebben az id\u0151szakban sokakn\u00e1l el\u0151t\u00e9rbe ker\u00fclnek az \u00faj\u00e9vi fogadalmak, hogy az \u00faj \u00e9v lelkileg, szellemileg, fizik\u00e1lisan \u00e9s eg\u00e9szs\u00e9g\u00fcgyileg is eredm\u00e9nyesebb legyen az el\u0151z\u0151n\u00e9l. A lelkesed\u00e9s azonban k\u00f6nnyen al\u00e1bbhagy, f\u0151leg, ha valaki hirtelen szeretne drasztikus v\u00e1ltoz\u00e1st. Most \u00f6sszeszedtem Nektek n\u00e9h\u00e1ny dolgot, amit \u00e9n a legfontosabbnak tartok [&hellip;]<\/p>\n","protected":false},"author":2,"featured_media":7920,"comment_status":"open","ping_status":"open","sticky":false,"template":"","format":"standard","meta":{"footnotes":""},"categories":[13],"tags":[],"class_list":["post-7919","post","type-post","status-publish","format-standard","has-post-thumbnail","hentry","category-blog"],"_links":{"self":[{"href":"https:\/\/mentesutakon.hu\/en\/wp-json\/wp\/v2\/posts\/7919","targetHints":{"allow":["GET"]}}],"collection":[{"href":"https:\/\/mentesutakon.hu\/en\/wp-json\/wp\/v2\/posts"}],"about":[{"href":"https:\/\/mentesutakon.hu\/en\/wp-json\/wp\/v2\/types\/post"}],"author":[{"embeddable":true,"href":"https:\/\/mentesutakon.hu\/en\/wp-json\/wp\/v2\/users\/2"}],"replies":[{"embeddable":true,"href":"https:\/\/mentesutakon.hu\/en\/wp-json\/wp\/v2\/comments?post=7919"}],"version-history":[{"count":0,"href":"https:\/\/mentesutakon.hu\/en\/wp-json\/wp\/v2\/posts\/7919\/revisions"}],"wp:featuredmedia":[{"embeddable":true,"href":"https:\/\/mentesutakon.hu\/en\/wp-json\/wp\/v2\/media\/7920"}],"wp:attachment":[{"href":"https:\/\/mentesutakon.hu\/en\/wp-json\/wp\/v2\/media?parent=7919"}],"wp:term":[{"taxonomy":"category","embeddable":true,"href":"https:\/\/mentesutakon.hu\/en\/wp-json\/wp\/v2\/categories?post=7919"},{"taxonomy":"post_tag","embeddable":true,"href":"https:\/\/mentesutakon.hu\/en\/wp-json\/wp\/v2\/tags?post=7919"}],"curies":[{"name":"wp","href":"https:\/\/api.w.org\/{rel}","templated":true}]}}