{"id":7269,"date":"2022-11-17T19:15:02","date_gmt":"2022-11-17T18:15:02","guid":{"rendered":"https:\/\/mentesutakon.hu\/?p=7269"},"modified":"2023-06-30T14:24:01","modified_gmt":"2023-06-30T12:24:01","slug":"no-stress-stressz-eletmod-es-egeszseg","status":"publish","type":"post","link":"https:\/\/mentesutakon.hu\/en\/no-stress-stressz-eletmod-es-egeszseg\/","title":{"rendered":"NO STRESS! \u2013 stressz, \u00e9letm\u00f3d \u00e9s eg\u00e9szs\u00e9g"},"content":{"rendered":"<div data-elementor-type=\"wp-post\" data-elementor-id=\"7269\" class=\"elementor elementor-7269\" data-elementor-post-type=\"post\">\n\t\t\t\t\t\t<section class=\"elementor-section elementor-top-section elementor-element elementor-element-6813e583 elementor-section-boxed elementor-section-height-default elementor-section-height-default\" data-id=\"6813e583\" data-element_type=\"section\" data-e-type=\"section\" data-settings=\"{&quot;ekit_has_onepagescroll_dot&quot;:&quot;yes&quot;}\">\n\t\t\t\t\t\t<div class=\"elementor-container elementor-column-gap-default\">\n\t\t\t\t\t<div class=\"elementor-column elementor-col-100 elementor-top-column elementor-element elementor-element-49bab109\" data-id=\"49bab109\" data-element_type=\"column\" data-e-type=\"column\">\n\t\t\t<div class=\"elementor-widget-wrap elementor-element-populated\">\n\t\t\t\t\t\t<div class=\"elementor-element elementor-element-5e682826 elementor-widget elementor-widget-image\" data-id=\"5e682826\" data-element_type=\"widget\" data-e-type=\"widget\" data-settings=\"{&quot;ekit_we_effect_on&quot;:&quot;none&quot;}\" data-widget_type=\"image.default\">\n\t\t\t\t<div class=\"elementor-widget-container\">\n\t\t\t\t\t\t\t\t\t\t\t\t\t\t\t<img fetchpriority=\"high\" decoding=\"async\" width=\"800\" height=\"800\" src=\"https:\/\/mentesutakon.hu\/wp-content\/uploads\/2022\/11\/Stressz-eletmod-egeszseg-1024x1024.png\" class=\"attachment-large size-large wp-image-7270\" alt=\"Mentes Utakon - Stressz, \u00e9letm\u00f3d, eg\u00e9szs\u00e9g\" srcset=\"https:\/\/mentesutakon.hu\/wp-content\/uploads\/2022\/11\/Stressz-eletmod-egeszseg-1024x1024.png 1024w, https:\/\/mentesutakon.hu\/wp-content\/uploads\/2022\/11\/Stressz-eletmod-egeszseg-100x100.png 100w, https:\/\/mentesutakon.hu\/wp-content\/uploads\/2022\/11\/Stressz-eletmod-egeszseg-600x600.png 600w, https:\/\/mentesutakon.hu\/wp-content\/uploads\/2022\/11\/Stressz-eletmod-egeszseg-700x700.png 700w, https:\/\/mentesutakon.hu\/wp-content\/uploads\/2022\/11\/Stressz-eletmod-egeszseg-150x150.png 150w, https:\/\/mentesutakon.hu\/wp-content\/uploads\/2022\/11\/Stressz-eletmod-egeszseg-768x768.png 768w, https:\/\/mentesutakon.hu\/wp-content\/uploads\/2022\/11\/Stressz-eletmod-egeszseg-12x12.png 12w, https:\/\/mentesutakon.hu\/wp-content\/uploads\/2022\/11\/Stressz-eletmod-egeszseg.png 1080w\" sizes=\"(max-width: 800px) 100vw, 800px\" \/>\t\t\t\t\t\t\t\t\t\t\t\t\t\t\t<\/div>\n\t\t\t\t<\/div>\n\t\t\t\t<div class=\"elementor-element elementor-element-9e55833 elementor-widget elementor-widget-text-editor\" data-id=\"9e55833\" data-element_type=\"widget\" data-e-type=\"widget\" data-settings=\"{&quot;ekit_we_effect_on&quot;:&quot;none&quot;}\" data-widget_type=\"text-editor.default\">\n\t\t\t\t<div class=\"elementor-widget-container\">\n\t\t\t\t\t\t\t\t\t<p>A m\u00falt heti cikkemben sz\u00f3 volt r\u00f3la, hogy a DAO enzim kofaktorai nagyon hasonl\u00edtanak a stresszhormon (kortizol) kofaktorjaira. Ahogyan \u00edrtam, ez azt jelenti a gyakorlatban, hogy ha tart\u00f3san stresszesek vagyunk, nem el\u00e9g, hogy m\u00e9g a hormonh\u00e1ztart\u00e1sunkat is negat\u00edvan befoly\u00e1soljuk, de a hisztamin lebont\u00e1s\u00e1hoz sz\u00fcks\u00e9ges enzim termel\u0151d\u00e9s\u00e9re sem tud el\u00e9g energi\u00e1t ford\u00edtani a szervezet, mert helyette <strong>a bevitt t\u00e1panyagokb\u00f3l nem DAO enzimet, hanem kortizolt fog gy\u00e1rtani<\/strong>, hogy meg tudjunk birk\u00f3zni a stresszel, \u00e9s a szervezet \u201ek\u00e9szenl\u00e9tben\u201d maradjon. <strong>A megn\u00f6vekedett kortizoltermel\u00e9s a progeszteront is elvonja a szervezetb\u0151l, ami tov\u00e1bbi hormon\u00e1lis zavarokhoz vezet<\/strong> n\u0151k \u00e9s f\u00e9rfiak eset\u00e9ben egyar\u00e1nt. \u00c9s ez m\u00e9g csak a j\u00e9ghegy cs\u00facsa.<\/p><p>A megold\u00e1s viszont nagyon egyszer\u0171, ne legy\u00fcnk stresszesek! Csak viccelek! \ud83d\ude42<\/p><p>K\u00f6nny\u0171 azt mondani, hogy ne stresszelj\u00fcnk, tudom tudom. De nem csak azzal van a gond, hogy a mai rohan\u00f3 vil\u00e1gban szinte lehetetlen elker\u00fclni a stresszt. Van egy m\u00e1sik fontos dolog is, m\u00e9ghozz\u00e1 az, hogy a szervezet sz\u00e1m\u00e1ra nem egyed\u00fcl az \u00e9rzelmi, pszichikai stressz jelent megterhel\u00e9st. A stressznek bizony sz\u00e1mtalan forr\u00e1sa lehet az \u00e9let\u00fcnkben, amikre tal\u00e1n nem is gondoltunk kor\u00e1bban.<\/p>\t\t\t\t\t\t\t\t<\/div>\n\t\t\t\t<\/div>\n\t\t\t\t<div class=\"elementor-element elementor-element-79f072d4 elementor-widget elementor-widget-heading\" data-id=\"79f072d4\" data-element_type=\"widget\" data-e-type=\"widget\" data-settings=\"{&quot;ekit_we_effect_on&quot;:&quot;none&quot;}\" data-widget_type=\"heading.default\">\n\t\t\t\t<div class=\"elementor-widget-container\">\n\t\t\t\t\t<h2 class=\"elementor-heading-title elementor-size-default\">Mit\u0151l vagyunk \u201estresszesek\u201d?<\/h2>\t\t\t\t<\/div>\n\t\t\t\t<\/div>\n\t\t\t\t<div class=\"elementor-element elementor-element-39ce7b2b elementor-widget elementor-widget-text-editor\" data-id=\"39ce7b2b\" data-element_type=\"widget\" data-e-type=\"widget\" data-settings=\"{&quot;ekit_we_effect_on&quot;:&quot;none&quot;}\" data-widget_type=\"text-editor.default\">\n\t\t\t\t<div class=\"elementor-widget-container\">\n\t\t\t\t\t\t\t\t\t<p>Te hogyan tekintesz a testedre? M\u00e1rmint \u00fagy t\u00e9nyleg, \u0151szint\u00e9n. Term\u00e9szetes, hogy tegye a dolg\u00e1t, mint egy g\u00e9pezet? Szolg\u00e1ljon t\u00e9ged, t\u00f6rt\u00e9nj\u00e9k b\u00e1rmi? Haszn\u00e1lod, terheled, n\u00e9ha ezer sz\u00e1zal\u00e9kon p\u00f6rgeted. Am\u00edg nem j\u00f6nnek a probl\u00e9m\u00e1k. A lelki, \u00e9rzelmi t\u00e9nyez\u0151k\u00f6n t\u00fal a szervezet sz\u00e1m\u00e1ra bizony az \u00e9letm\u00f3dbeli probl\u00e9m\u00e1k, eg\u00e9szs\u00e9g\u00fcgyi probl\u00e9m\u00e1k \u00e9s k\u00f3ros \u00e1llapotok, valamint a k\u00f6rnyezeti hat\u00e1sok is stresszt jelentenek. Hogy pontosan mikre kell gondolni ezalatt?<\/p>\t\t\t\t\t\t\t\t<\/div>\n\t\t\t\t<\/div>\n\t\t\t\t<div class=\"elementor-element elementor-element-e717520 elementor-widget elementor-widget-text-editor\" data-id=\"e717520\" data-element_type=\"widget\" data-e-type=\"widget\" data-settings=\"{&quot;ekit_we_effect_on&quot;:&quot;none&quot;}\" data-widget_type=\"text-editor.default\">\n\t\t\t\t<div class=\"elementor-widget-container\">\n\t\t\t\t\t\t\t\t\t<table>\n<tbody>\n<tr>\n<td width=\"302\">\n<p style=\"text-align: center;\">\u00c9letm\u00f3d<\/p>\n<\/td>\n<td width=\"302\">\n<p style=\"text-align: center;\">Eg\u00e9szs\u00e9g<\/p>\n<\/td>\n<\/tr>\n<tr>\n<td width=\"302\">\n<p style=\"text-align: left;\">&#8211;&nbsp;&nbsp;&nbsp;&nbsp;&nbsp;&nbsp; T\u00fal\u00f3r\u00e1z\u00e1s, t\u00falhajszolts\u00e1g, \u00e1lland\u00f3 rohan\u00e1s<\/p>\n<p style=\"text-align: left;\">&#8211;&nbsp;&nbsp;&nbsp;&nbsp;&nbsp;&nbsp; Ingerszeg\u00e9ny k\u00f6rnyezet, monoton \u00e9letm\u00f3d<\/p>\n<p style=\"text-align: left;\">&#8211;&nbsp;&nbsp;&nbsp;&nbsp;&nbsp;&nbsp; K\u00e9s\u0151i elalv\u00e1s, alv\u00e1shi\u00e1ny<\/p>\n<p style=\"text-align: left;\">&#8211;&nbsp;&nbsp;&nbsp;&nbsp;&nbsp;&nbsp; Doh\u00e1nyz\u00e1s, alkohol, koffein, drogok<\/p>\n<p style=\"text-align: left;\">&#8211;&nbsp;&nbsp;&nbsp;&nbsp;&nbsp;&nbsp; Rossz \u00e9tkez\u00e9si szok\u00e1sok<\/p>\n<p style=\"text-align: left;\">&#8211;&nbsp;&nbsp;&nbsp;&nbsp;&nbsp;&nbsp; Mozg\u00e1shi\u00e1ny, elh\u00edz\u00e1s, t\u00fals\u00faly<\/p>\n<p style=\"text-align: left;\">&#8211;&nbsp;&nbsp;&nbsp;&nbsp;&nbsp;&nbsp; T\u00fal intenz\u00edv sport<\/p>\n<p style=\"text-align: left;\">&#8211;&nbsp;&nbsp;&nbsp;&nbsp;&nbsp;&nbsp; Drasztikus fogy\u00f3k\u00fara<\/p>\n<\/td>\n<td style=\"text-align: left;\" width=\"302\">\n<p>&#8211;&nbsp;&nbsp;&nbsp;&nbsp;&nbsp;&nbsp; Baleset, v\u00e9rveszt\u00e9s, f\u00e1jdalom, m\u0171t\u00e9t<\/p>\n<p>&#8211;&nbsp;&nbsp;&nbsp;&nbsp;&nbsp;&nbsp; Fert\u0151z\u00e9s, gyullad\u00e1s, allergia, \u00e9tel\u00e9rz\u00e9kenys\u00e9g<\/p>\n<p>&#8211;&nbsp;&nbsp;&nbsp;&nbsp;&nbsp;&nbsp; Anyagcserezavar, em\u00e9szt\u00e9si probl\u00e9ma<\/p>\n<p>&#8211;&nbsp;&nbsp;&nbsp;&nbsp;&nbsp;&nbsp; Hormon\u00e1lis zavarok<\/p>\n<p>&#8211;&nbsp;&nbsp;&nbsp;&nbsp;&nbsp;&nbsp; V\u00e9rcukorszint-ingadoz\u00e1s<\/p>\n<p>&#8211;&nbsp;&nbsp;&nbsp;&nbsp;&nbsp;&nbsp; Vitamin- \u00e9s t\u00e1panyaghi\u00e1ny<\/p>\n<p>&#8211;&nbsp;&nbsp;&nbsp;&nbsp;&nbsp;&nbsp; Fokozott folyad\u00e9k- \u00e9s s\u00f3veszt\u00e9s<\/p>\n<p>&#8211;&nbsp;&nbsp;&nbsp;&nbsp;&nbsp;&nbsp; Kr\u00f3nikus betegs\u00e9gek<\/p>\n<\/td>\n<\/tr>\n<tr>\n<td width=\"302\">\n<p style=\"text-align: center;\">L\u00e9lek, \u00e9rzelmek<\/p>\n<\/td>\n<td width=\"302\">\n<p style=\"text-align: center;\">K\u00f6rnyezet<\/p>\n<\/td>\n<\/tr>\n<tr>\n<td width=\"302\">\n<p>&#8211;&nbsp;&nbsp;&nbsp;&nbsp;&nbsp;&nbsp; \u00c9rzelmi konfliktusok (p\u00e1rkapcsolti, csal\u00e1di,<br>&nbsp; &nbsp; &nbsp; &nbsp; &nbsp;munkahelyi probl\u00e9m\u00e1k)<\/p>\n<p>&#8211;&nbsp;&nbsp;&nbsp;&nbsp;&nbsp;&nbsp; Negat\u00edv \u00e9letszeml\u00e9let<\/p>\n<p>&#8211;&nbsp;&nbsp;&nbsp;&nbsp;&nbsp;&nbsp; F\u00e9lelem, agg\u00f3d\u00e1s, szorong\u00e1s<\/p>\n<p>&#8211;&nbsp;&nbsp;&nbsp;&nbsp;&nbsp;&nbsp; \u00d6nbizalomhi\u00e1ny, \u00f6n\u00e9rt\u00e9kel\u00e9si probl\u00e9m\u00e1k<\/p>\n<p>&#8211;&nbsp;&nbsp;&nbsp;&nbsp;&nbsp;&nbsp; T\u00falzott maximalizmus<\/p>\n<p>&#8211;&nbsp;&nbsp;&nbsp;&nbsp;&nbsp;&nbsp; Negat\u00edv \u00e9rzelmek (gy\u0171l\u00f6let, agresszi\u00f3,<br>&nbsp; &nbsp; &nbsp; &nbsp; &nbsp;f\u00e9lt\u00e9kenys\u00e9g\u2026)<\/p>\n<p>&#8211;&nbsp;&nbsp;&nbsp;&nbsp;&nbsp;&nbsp; Anyagi \u00e9s szoci\u00e1lis bizonytalans\u00e1g,<br>&nbsp; &nbsp; &nbsp; &nbsp; &nbsp;c\u00e9ltalans\u00e1g<\/p>\n<p>&#8211;&nbsp;&nbsp;&nbsp;&nbsp;&nbsp;&nbsp; Vesztes\u00e9g\u00e9lm\u00e9ny, szak\u00edt\u00e1s\/v\u00e1l\u00e1s, gy\u00e1sz<\/p>\n<\/td>\n<td width=\"302\">\n<p>&#8211;&nbsp;&nbsp;&nbsp;&nbsp;&nbsp;&nbsp; Vegyszerek a h\u00e1ztart\u00e1si term\u00e9kekben<\/p>\n<p>&#8211;&nbsp;&nbsp;&nbsp;&nbsp;&nbsp;&nbsp; \u00c9lelmiszer adal\u00e9kanyagok<\/p>\n<p>&#8211;&nbsp;&nbsp;&nbsp;&nbsp;&nbsp;&nbsp; K\u00e1ros anyagok a vizekben<\/p>\n<p>&#8211;&nbsp;&nbsp;&nbsp;&nbsp;&nbsp;&nbsp; Szennyezett leveg\u0151<\/p>\n<p>&#8211;&nbsp;&nbsp;&nbsp;&nbsp;&nbsp;&nbsp; Gy\u00f3gyszerek mell\u00e9khat\u00e1sai<\/p>\n<p>&#8211;&nbsp;&nbsp;&nbsp;&nbsp;&nbsp;&nbsp; Foglalkoz\u00e1si \u00e1rtalmak<\/p>\n<p>&#8211;&nbsp;&nbsp;&nbsp;&nbsp;&nbsp;&nbsp; H\u0151hat\u00e1s (sz\u00e9ls\u0151s\u00e9ges hideg\/meleg)<\/p>\n<p>&#8211;&nbsp;&nbsp;&nbsp;&nbsp;&nbsp;&nbsp; K\u00e1ros sug\u00e1rz\u00e1sok, elektroszmog<\/p>\n<\/td>\n<\/tr>\n<\/tbody>\n<\/table>\n<p>Forr\u00e1s: Csisz\u00e1r \u2013 Igloi Syversen (2019)<\/p>\t\t\t\t\t\t\t\t<\/div>\n\t\t\t\t<\/div>\n\t\t\t\t<div class=\"elementor-element elementor-element-713635c elementor-widget elementor-widget-text-editor\" data-id=\"713635c\" data-element_type=\"widget\" data-e-type=\"widget\" data-settings=\"{&quot;ekit_we_effect_on&quot;:&quot;none&quot;}\" data-widget_type=\"text-editor.default\">\n\t\t\t\t<div class=\"elementor-widget-container\">\n\t\t\t\t\t\t\t\t\t<p>H\u00e1t ez sz\u00e9p kis lista. Ugye m\u00e1r l\u00e1tod, milyen k\u00f6nnyen \u00f6sszead\u00f3dik az a sok kis l\u00e1tsz\u00f3lag apr\u00f3s\u00e1g, \u00e9s a szervezet a nap v\u00e9g\u00e9n egy hatalmas stresszterhel\u00e9st kap. Persze term\u00e9szetes, hogy a szervezet\u00fcnk v\u00e9dekezni tud a stressz ellen \u00e9s bizonyos m\u00e9rt\u00e9kig toler\u00e1lja azt, de mi van akkor, ha t\u00fal sok stressz \u00e9r minket tart\u00f3san?<\/p>\t\t\t\t\t\t\t\t<\/div>\n\t\t\t\t<\/div>\n\t\t\t\t<div class=\"elementor-element elementor-element-695a7fb elementor-widget elementor-widget-heading\" data-id=\"695a7fb\" data-element_type=\"widget\" data-e-type=\"widget\" data-settings=\"{&quot;ekit_we_effect_on&quot;:&quot;none&quot;}\" data-widget_type=\"heading.default\">\n\t\t\t\t<div class=\"elementor-widget-container\">\n\t\t\t\t\t<h2 class=\"elementor-heading-title elementor-size-default\">Hogyan hat a tart\u00f3s stressz a szervezetre?<\/h2>\t\t\t\t<\/div>\n\t\t\t\t<\/div>\n\t\t\t\t<div class=\"elementor-element elementor-element-6c266178 elementor-widget elementor-widget-text-editor\" data-id=\"6c266178\" data-element_type=\"widget\" data-e-type=\"widget\" data-settings=\"{&quot;ekit_we_effect_on&quot;:&quot;none&quot;}\" data-widget_type=\"text-editor.default\">\n\t\t\t\t<div class=\"elementor-widget-container\">\n\t\t\t\t\t\t\t\t\t<p>Most tal\u00e1n felismert\u00e9l n\u00e9h\u00e1ny dolgot, ami eddig eszedbe sem jutott. \u00c9n sok \u00f6sszef\u00fcgg\u00e9sre j\u00f6ttem r\u00e1 ut\u00f3lag az eg\u00e9szs\u00e9gemmel kapcsolatban, de hamar felismertem, hogy csak egy komplex megk\u00f6zel\u00edt\u00e9ssel jav\u00edthatok tart\u00f3san az \u00e1llapotomon. A tart\u00f3s stressz komoly nyomokat hagyott rajtam, \u00e9s lehet, hogy T\u00e9ged is \u00e9ppen ez em\u00e9szt bel\u00fclr\u0151l. Am\u00edg ez nincsen kezelve, addig neh\u00e9z a gy\u00f3gyul\u00e1s \u00fatj\u00e1ra l\u00e9pni, mivel teljesen meg tudja v\u00e1ltoztatni a szervezet\u00fcnk m\u0171k\u00f6d\u00e9s\u00e9t, nem \u00e9ppen a kedvez\u0151 ir\u00e1nyba. Ennek f\u0151 oka, hogy a stressz megemeli a kortizolszintet a szervezetben, ami a mell\u00e9kvesek\u00e9reg \u00e1ltal termelt szteroidhormon.<\/p>\t\t\t\t\t\t\t\t<\/div>\n\t\t\t\t<\/div>\n\t\t\t\t<div class=\"elementor-element elementor-element-d65162b elementor-widget elementor-widget-text-editor\" data-id=\"d65162b\" data-element_type=\"widget\" data-e-type=\"widget\" data-settings=\"{&quot;ekit_we_effect_on&quot;:&quot;none&quot;}\" data-widget_type=\"text-editor.default\">\n\t\t\t\t<div class=\"elementor-widget-container\">\n\t\t\t\t\t\t\t\t\t<p>Miket okoz k\u00f6zvetlen\u00fcl a megn\u00f6vekedett kortizolszoint?<\/p><p>R\u00f6viden \u00f6sszefoglalva, tart\u00f3s fizikai, ment\u00e1lis, lelki terhel\u00e9s eset\u00e9n a test t\u00fal\u00e9l\u0151 \u00fczemm\u00f3dba kapcsol, hogy min\u00e9l t\u00f6bb energia tudjon felszabadulni az izmok sz\u00e1m\u00e1ra, \u00edgy meg tudj\u00e1k tenni a kell\u0151 er\u0151kifejt\u00e9st, hiszen a t\u00e1mad\u00e1shoz \u00e9s a menek\u00fcl\u00e9shez is er\u0151s izommunk\u00e1ra van sz\u00fcks\u00e9g.<\/p><p>De mit takar ez r\u00e9szletesebben?<\/p><ul><li>Feler\u0151s\u00edti a szimpatikus idegrendszeri m\u0171k\u00f6d\u00e9st, m\u00edg g\u00e1tolja a paraszimpatikus idegrendszeri m\u0171k\u00f6d\u00e9st (em\u00e9szt\u00e9s, immunrendszer)<\/li><li>Feler\u0151s\u00edti \u00e9s meghosszabb\u00edtja a katabolikus hormonok (glukagon, n\u00f6veked\u00e9si hormon) hat\u00e1s\u00e1t:<ul><li>a m\u00e1jban fokozza a gl\u00fck\u00f3z termel\u00e9s\u00e9t tejsavb\u00f3l, aminosavb\u00f3l, zs\u00edrsavb\u00f3l, ez\u00e1ltal emelve a v\u00e9rcukorszintet,<\/li><li>a v\u00e1zizomzatban fokozza a glikog\u00e9n \u00e9s az izomfeh\u00e9rj\u00e9k lebont\u00e1s\u00e1t \u00e9s cs\u00f6kkenti az aminosavak be\u00e9p\u00fcl\u00e9s\u00e9t,<\/li><li>a zs\u00edrsz\u00f6vetben fokozza a trigliceridek lebont\u00e1s\u00e1t \u00e9s egy\u00fattal cs\u00f6kkenti a termel\u00e9s\u00fcket is,<\/li><li>mind a v\u00e1zizomzatban mind a zs\u00edrsz\u00f6vetben inzulinrezisztenci\u00e1t alak\u00edt ki, cs\u00f6kkenti a gluk\u00f3zfelv\u00e9telt \u00e9s -felhaszn\u00e1l\u00e1st, \u00edgy n\u00f6veli a v\u00e9rcukorszintet.<br \/><br \/><\/li><\/ul><\/li><\/ul><p>\u00c9s milyen probl\u00e9m\u00e1khoz vezethet ez\u00e1ltal a <strong>tart\u00f3san<\/strong> megemelkedett kortizolszint?<\/p><ul><li>Rontja az em\u00e9szt\u00e9st, a t\u00e1panyagok felsz\u00edv\u00f3d\u00e1s\u00e1t.<\/li><li>Hozz\u00e1j\u00e1rul az inzulinrezisztencia kialakul\u00e1s\u00e1hoz.<\/li><li>K\u00f6zvetlen hat\u00e1ssal van a b\u00e9lfl\u00f3ra \u00f6sszet\u00e9tel\u00e9re \u00e9s m\u0171k\u00f6d\u00e9s\u00e9re, lesz\u0171k\u00edti a bakt\u00e9rium popul\u00e1ci\u00f3k sokf\u00e9les\u00e9g\u00e9t \u00e9s k\u00f3ros fajokat enged t\u00falszaporodni<\/li><li>Hozz\u00e1j\u00e1rul a kr\u00f3nikus gyullad\u00e1sok kialakul\u00e1s\u00e1hoz.<\/li><li>Ha t\u00fal van terhelve a mell\u00e9kvese, akkor a kr\u00f3nikus stressz v\u00e1lasz visszahat a mell\u00e9kves\u00e9t vez\u00e9rl\u0151 agyalapi mirigyre \u00e9s az azt ir\u00e1ny\u00edt\u00f3 hipotalamuszra, aminek hat\u00e1s\u00e1ra azok aktivit\u00e1sa cs\u00f6kken, ezzel tov\u00e1bbi hormon\u00e1lis probl\u00e9m\u00e1kat el\u0151id\u00e9zve (pl. pajzsmirigy alulm\u0171k\u00f6d\u00e9s, \u00f6sztrog\u00e9ndominancia (prolaktint n\u00f6veli, progeszteronszintet cs\u00f6kkenti).<\/li><li>A sejtmembr\u00e1n s\u00e9r\u00fcl, ami szint\u00e9n g\u00e1tolja a megfelel\u0151 pajzsmirigy hormon \u00e1talak\u00edt\u00e1si folyamatot.<\/li><li>A mell\u00e9kvese el\u0151sz\u00f6r t\u00falm\u0171k\u00f6dik, majd hossz\u00fa id\u0151 ut\u00e1n kimer\u00fcl, \u00e9s \u201ekimer\u00fcl\u201d, ami rendk\u00edv\u00fcl vesz\u00e9lyes \u00e1llapotot id\u00e9zhet el\u0151.<\/li><\/ul>\t\t\t\t\t\t\t\t<\/div>\n\t\t\t\t<\/div>\n\t\t\t\t<div class=\"elementor-element elementor-element-16f7f669 elementor-widget elementor-widget-heading\" data-id=\"16f7f669\" data-element_type=\"widget\" data-e-type=\"widget\" data-settings=\"{&quot;ekit_we_effect_on&quot;:&quot;none&quot;}\" data-widget_type=\"heading.default\">\n\t\t\t\t<div class=\"elementor-widget-container\">\n\t\t\t\t\t<h2 class=\"elementor-heading-title elementor-size-default\">Na de mit tehet\u00fcnk a stressz ellen?<\/h2>\t\t\t\t<\/div>\n\t\t\t\t<\/div>\n\t\t\t\t<div class=\"elementor-element elementor-element-b41d585 elementor-widget elementor-widget-text-editor\" data-id=\"b41d585\" data-element_type=\"widget\" data-e-type=\"widget\" data-settings=\"{&quot;ekit_we_effect_on&quot;:&quot;none&quot;}\" data-widget_type=\"text-editor.default\">\n\t\t\t\t<div class=\"elementor-widget-container\">\n\t\t\t\t\t\t\t\t\t<p>Most, hogy bel\u00e1ttuk, \u00e9rdemes tenni a stressz ellen, \u00e9s tudjuk, milyen forr\u00e1sokb\u00f3l \u00e9ri a terhel\u00e9s a szervezet\u00fcnket n\u00e9zz\u00fck, hogy milyen m\u00f3don tehet\u00fcnk a k\u00e1ros hat\u00e1sai ellen.<\/p><ul><li>Nincs mese, el kell k\u00f6telez\u0151dn\u00fcnk az \u00e9letm\u00f3dv\u00e1lt\u00e1s mellett mind a t\u00e1pl\u00e1lkoz\u00e1s, a mozg\u00e1s \u00e9s a ment\u00e1lis eg\u00e9szs\u00e9g ter\u00e9n.<\/li><li>Figyelj\u00fcnk a t\u00e1panyagd\u00fas, sz\u00ednes, kiegyens\u00falyozott, egy\u00e9ni \u00e1llapothoz igaz\u00edtott \u00e9trendre.<\/li><li>Figyelj\u00fcnk a test\u00fcnk jelz\u00e9seire \u00e9s kezelj\u00fck az eg\u00e9szs\u00e9g\u00fcgyi probl\u00e9m\u00e1inkat.<\/li><li>Ker\u00fclj\u00fck a vegyszereket, v\u00e1lasszunk term\u00e9szetes, k\u00f6rnyezetbar\u00e1t alternat\u00edv\u00e1kat (tiszt\u00edt\u00f3szerek, kozmetikumok, rovarirt\u00f3k, permetek,)<\/li><li>Ne engedj\u00fck h\u00e1tt\u00e9rbe szorulni a pihen\u00e9st. A szellemi f\u00e1radts\u00e1g nehezebben kipihenhet\u0151, mint a fizikai. Az \u00e1tlag 8 \u00f3ra alv\u00e1s legyen a c\u00e9l.<\/li><li>Ne v\u00e9gezz\u00fcnk t\u00falzottan megterhel\u0151 testmozg\u00e1st, az \u00e1ll\u00f3k\u00e9pess\u00e9g\u00fcnket fokozatosan n\u00f6velj\u00fck \u00e9s ne maradjunk sok\u00e1ig magas pulzustartom\u00e1nyban.<\/li><li>Igen, pr\u00f3b\u00e1ljuk meg cs\u00f6kkenteni az \u00e9rzelmi stresszforr\u00e1sokat is az \u00e9let\u00fcnkben: dolgozzunk magunkon, kapcsolatainkon, a probl\u00e9m\u00e1inkat ne fojtsuk el magunkban. Sz\u00fcks\u00e9g eset\u00e9n k\u00e9rj\u00fcnk k\u00fcld\u0151 seg\u00edts\u00e9get (coach, pszichol\u00f3gus, kineziol\u00f3gus, csal\u00e1d\u00e1ll\u00edt\u00e1s stb.).<\/li><li>Szabaduljunk meg a m\u00e9rgez\u0151 kapcsolatokt\u00f3l, melyeken jav\u00edtani m\u00e1r nem lehet. Tanuljunk meg megbocs\u00e1tani, elengedni, tov\u00e1bbl\u00e9pni \u00e9s el\u0151re tekinteni.<\/li><li>Ker\u00fclj\u00fck a t\u00falzott h\u00edrolvas\u00e1st, m\u00e9diafogyaszt\u00e1st. Ha valami\/valaki frusztr\u00e1ci\u00f3t okoz benned, gondold \u00e1t az ok\u00e1t, \u00e9s ak\u00e1r k\u00f6vesd ki az oldalt \/ t\u00f6r\u00f6ld az ismer\u0151seid k\u00f6z\u00fcl.<\/li><li>Sz\u00fcks\u00e9g eset\u00e9n v\u00e1ltsunk munkahelyet.<\/li><li>V\u00e9gezz\u00fcnk rendszeresen valamilyen nyugtat\u00f3 gyakorlatot (j\u00f3ga, l\u00e9gz\u0151gyakorlatok, medit\u00e1ci\u00f3).<\/li><li>T\u00f6lts\u00fcnk min\u00e9l t\u00f6bb id\u0151t a szabadban \u00e9s a szeretteinkkel, \u00e9s tegy\u00fck rendszeress\u00e9 az \u00e9nid\u0151nket is.<\/li><li>T\u00f6rekedj\u00fcnk egy \u00e1ltal\u00e1nos pozit\u00edv \u00e9letszeml\u00e9ket kialak\u00edt\u00e1s\u00e1ra.<br \/><br \/><\/li><\/ul><p>Ez az alap, mindenki sz\u00e1m\u00e1ra, igen, megel\u0151z\u00e9s gyan\u00e1nt is. Ha pedig m\u00e1r kialakult mell\u00e9kvese rendelleness\u00e9g van (emelkedett vagy cs\u00f6kkent kortizolszint), akkor mindenk\u00e9ppen seg\u00edts\u00e9gre, egy\u00e9nre szabott ter\u00e1pi\u00e1ra van sz\u00fcks\u00e9g! A stresszt nem lehet kiz\u00e1rni az \u00e9let\u00fcnkb\u0151l, de igenis cs\u00f6kkenteni tudjuk a terheket. Mindenki \u00e9let\u00e9ben vannak nehezebb id\u0151szakok, \u00e9rnek minket csal\u00f3d\u00e1sok, vesztes\u00e9gek, traum\u00e1k, azonban sok m\u00falik a hozz\u00e1\u00e1ll\u00e1sunkon, hogy ezek milyen m\u00e9ly \u00e9s tart\u00f3s t\u00f6r\u00e9st okoznak az \u00e9let\u00fcnkben. Az \u00e1ltal\u00e1nos eg\u00e9szs\u00e9ges \u00e9letm\u00f3dra val\u00f3 t\u00f6rekv\u00e9s pedig hossz\u00fat\u00e1von csak a javunkat szolg\u00e1lja. A j\u00f6v\u0151ben m\u00e9g jobban elm\u00e9lyed\u00fcnk a mell\u00e9kvese t\u00e9mak\u00f6r\u00e9ben is, m\u00e1ra ennyi f\u00e9rt bele.<\/p><p>Szeretettel,<\/p><p>Detti<\/p>\t\t\t\t\t\t\t\t<\/div>\n\t\t\t\t<\/div>\n\t\t\t\t<div class=\"elementor-element elementor-element-85024ff elementor-widget elementor-widget-text-editor\" data-id=\"85024ff\" data-element_type=\"widget\" data-e-type=\"widget\" data-settings=\"{&quot;ekit_we_effect_on&quot;:&quot;none&quot;}\" data-widget_type=\"text-editor.default\">\n\t\t\t\t<div class=\"elementor-widget-container\">\n\t\t\t\t\t\t\t\t\t<p>Felhaszn\u00e1lt forr\u00e1sok:<\/p><p>Bodywakes szakmai jegyzet (2022)<\/p><p>Dr. Csisz\u00e1r Mikl\u00f3s \u2013 Nora Igloi Syversen: N\u0151i igazs\u00e1gok \u2013 Hormonegyens\u00faly \u00e9s eg\u00e9szs\u00e9g (2019)<\/p>\t\t\t\t\t\t\t\t<\/div>\n\t\t\t\t<\/div>\n\t\t\t\t\t<\/div>\n\t\t<\/div>\n\t\t\t\t\t<\/div>\n\t\t<\/section>\n\t\t\t\t<section class=\"elementor-section elementor-top-section elementor-element elementor-element-6d11d21b elementor-hidden-desktop elementor-hidden-tablet elementor-hidden-mobile elementor-section-boxed elementor-section-height-default elementor-section-height-default\" data-id=\"6d11d21b\" data-element_type=\"section\" data-e-type=\"section\" data-settings=\"{&quot;ekit_has_onepagescroll_dot&quot;:&quot;yes&quot;}\">\n\t\t\t\t\t\t<div class=\"elementor-container elementor-column-gap-default\">\n\t\t\t\t\t<div class=\"elementor-column elementor-col-100 elementor-top-column elementor-element elementor-element-105af8cd\" data-id=\"105af8cd\" data-element_type=\"column\" data-e-type=\"column\">\n\t\t\t<div class=\"elementor-widget-wrap elementor-element-populated\">\n\t\t\t\t\t\t<div class=\"elementor-element elementor-element-c045567 elementor-invisible elementor-widget elementor-widget-heading\" data-id=\"c045567\" data-element_type=\"widget\" data-e-type=\"widget\" data-settings=\"{&quot;_animation&quot;:&quot;fadeInUp&quot;,&quot;ekit_we_effect_on&quot;:&quot;none&quot;}\" data-widget_type=\"heading.default\">\n\t\t\t\t<div class=\"elementor-widget-container\">\n\t\t\t\t\t<h2 class=\"elementor-heading-title elementor-size-default\">Hopp\u00e1!<\/h2>\t\t\t\t<\/div>\n\t\t\t\t<\/div>\n\t\t\t\t<div class=\"elementor-element elementor-element-2c1508ee elementor-invisible elementor-widget elementor-widget-text-editor\" data-id=\"2c1508ee\" data-element_type=\"widget\" data-e-type=\"widget\" data-settings=\"{&quot;_animation&quot;:&quot;fadeInUp&quot;,&quot;ekit_we_effect_on&quot;:&quot;none&quot;}\" data-widget_type=\"text-editor.default\">\n\t\t\t\t<div class=\"elementor-widget-container\">\n\t\t\t\t\t\t\t\t\t<div class=\"bee-block bee-block-1 bee-heading\"><span style=\"color: #333333; font-family: Georgia, 'Times New Roman', 'Bitstream Charter', Times, serif; font-size: 16px;\">Ez a tartalom csak el\u0151fizet\u00e9ssel el\u00e9rhet\u0151. Amennyiben rendelkezel el\u0151fizet\u00e9ses fi\u00f3kkal, k\u00e9rlek jelentkezz be az oldal megtekint\u00e9s\u00e9hez.<\/span><\/div>\t\t\t\t\t\t\t\t<\/div>\n\t\t\t\t<\/div>\n\t\t\t\t<div class=\"elementor-element elementor-element-2a63df0f elementor-widget elementor-widget-login\" data-id=\"2a63df0f\" data-element_type=\"widget\" data-e-type=\"widget\" data-settings=\"{&quot;ekit_we_effect_on&quot;:&quot;none&quot;}\" data-widget_type=\"login.default\">\n\t\t\t\t<div class=\"elementor-widget-container\">\n\t\t\t\t\t\t\t<form class=\"elementor-login elementor-form\" method=\"post\" action=\"https:\/\/mentesutakon.hu\/wp-login.php\" aria-label=\"Login form\">\n\t\t\t<input type=\"hidden\" name=\"redirect_to\" value=\"\/en\/wp-json\/wp\/v2\/posts\/7269\">\n\t\t\t<div class=\"elementor-form-fields-wrapper\">\n\t\t\t\t<div class=\"elementor-field-type-text elementor-field-group elementor-column elementor-col-100 elementor-field-required\">\n\t\t\t\t\t<label for=\"user-2a63df0f\" class=\"elementor-field-label\"><\/label>\n\t\t\t\t\t<input size=\"1\" type=\"text\" name=\"log\" id=\"user-2a63df0f\" placeholder=\"Felhaszn\u00e1l\u00f3n\u00e9v vagy Email c\u00edm\" class=\"elementor-field elementor-field-textual elementor-size-sm\">\n\t\t\t\t<\/div>\n\t\t\t\t<div class=\"elementor-field-type-text elementor-field-group elementor-column elementor-col-100 elementor-field-required\">\n\t\t\t\t\t<label for=\"password-2a63df0f\" class=\"elementor-field-label\"><\/label>\n\t\t\t\t\t<input size=\"1\" type=\"password\" name=\"pwd\" id=\"password-2a63df0f\" placeholder=\"Jelsz\u00f3\" class=\"elementor-field elementor-field-textual elementor-size-sm\">\n\t\t\t\t<\/div>\n\n\t\t\t\t\t\t\t\t\t<div class=\"elementor-field-type-checkbox elementor-field-group elementor-column elementor-col-100 elementor-remember-me\">\n\t\t\t\t\t\t<label for=\"elementor-login-remember-me\">\n\t\t\t\t\t\t\t<input type=\"checkbox\" id=\"elementor-login-remember-me\" name=\"rememberme\" value=\"forever\">\n\t\t\t\t\t\t\tRemember Me\t\t\t\t\t\t<\/label>\n\t\t\t\t\t<\/div>\n\t\t\t\t\n\t\t\t\t<div class=\"elementor-field-group elementor-column elementor-field-type-submit elementor-col-100\">\n\t\t\t\t\t<button type=\"submit\" class=\"elementor-size-sm elementor-button\" name=\"wp-submit\">\n\t\t\t\t\t\t\t\t\t\t\t\t\t\t\t<span class=\"elementor-button-text\">Bejelentkez\u00e9s<\/span>\n\t\t\t\t\t\t\t\t\t\t\t\t<\/button>\n\t\t\t\t<\/div>\n\n\t\t\t\t\t\t\t\t\t<div class=\"elementor-field-group elementor-column elementor-col-100\">\n\t\t\t\t\t\t\t\t\t\t\t\t\t\t\t\t\t\t\t\t<a class=\"elementor-lost-password\" href=\"https:\/\/mentesutakon.hu\/en\/fiokom\/elfelejtett-jelszo\/\">\n\t\t\t\t\t\t\t\tLost your password?\t\t\t\t\t\t\t<\/a>\n\t\t\t\t\t\t\n\t\t\t\t\t\t\t\t\t\t\t<\/div>\n\t\t\t\t\t\t\t<\/div>\n\t\t<\/form>\n\t\t\t\t\t\t<\/div>\n\t\t\t\t<\/div>\n\t\t\t\t<div class=\"elementor-element elementor-element-4cfdb5e5 elementor-invisible elementor-widget elementor-widget-text-editor\" data-id=\"4cfdb5e5\" data-element_type=\"widget\" data-e-type=\"widget\" data-settings=\"{&quot;_animation&quot;:&quot;fadeInUp&quot;,&quot;ekit_we_effect_on&quot;:&quot;none&quot;}\" data-widget_type=\"text-editor.default\">\n\t\t\t\t<div class=\"elementor-widget-container\">\n\t\t\t\t\t\t\t\t\t<div class=\"bee-block bee-block-1 bee-heading\">M\u00e9g nincs fi\u00f3kod, de szeretn\u00e9d l\u00e1tni a fizet\u0151s tartalmakat?\u00a0<span style=\"color: #85b216;\"><a style=\"color: #85b216;\" role=\"button\" href=\"https:\/\/mentesutakon.hu\/en\/elofizetes\/#csomagok\">ITT TUDSZ EL\u0150FIZETNI!<\/a><\/span><\/div>\t\t\t\t\t\t\t\t<\/div>\n\t\t\t\t<\/div>\n\t\t\t\t\t<\/div>\n\t\t<\/div>\n\t\t\t\t\t<\/div>\n\t\t<\/section>\n\t\t\t\t<\/div>","protected":false},"excerpt":{"rendered":"<p>A m\u00falt heti cikkemben sz\u00f3 volt r\u00f3la, hogy a DAO enzim kofaktorai nagyon hasonl\u00edtanak a stresszhormon (kortizol) kofaktorjaira. Ahogyan \u00edrtam, ez azt jelenti a gyakorlatban, hogy ha tart\u00f3san stresszesek vagyunk, nem el\u00e9g, hogy m\u00e9g a hormonh\u00e1ztart\u00e1sunkat is negat\u00edvan befoly\u00e1soljuk, de a hisztamin lebont\u00e1s\u00e1hoz sz\u00fcks\u00e9ges enzim termel\u0151d\u00e9s\u00e9re sem tud el\u00e9g energi\u00e1t ford\u00edtani a szervezet, mert helyette [&hellip;]<\/p>\n","protected":false},"author":3,"featured_media":7270,"comment_status":"open","ping_status":"open","sticky":false,"template":"","format":"standard","meta":{"footnotes":""},"categories":[13],"tags":[],"class_list":["post-7269","post","type-post","status-publish","format-standard","has-post-thumbnail","hentry","category-blog"],"_links":{"self":[{"href":"https:\/\/mentesutakon.hu\/en\/wp-json\/wp\/v2\/posts\/7269","targetHints":{"allow":["GET"]}}],"collection":[{"href":"https:\/\/mentesutakon.hu\/en\/wp-json\/wp\/v2\/posts"}],"about":[{"href":"https:\/\/mentesutakon.hu\/en\/wp-json\/wp\/v2\/types\/post"}],"author":[{"embeddable":true,"href":"https:\/\/mentesutakon.hu\/en\/wp-json\/wp\/v2\/users\/3"}],"replies":[{"embeddable":true,"href":"https:\/\/mentesutakon.hu\/en\/wp-json\/wp\/v2\/comments?post=7269"}],"version-history":[{"count":0,"href":"https:\/\/mentesutakon.hu\/en\/wp-json\/wp\/v2\/posts\/7269\/revisions"}],"wp:featuredmedia":[{"embeddable":true,"href":"https:\/\/mentesutakon.hu\/en\/wp-json\/wp\/v2\/media\/7270"}],"wp:attachment":[{"href":"https:\/\/mentesutakon.hu\/en\/wp-json\/wp\/v2\/media?parent=7269"}],"wp:term":[{"taxonomy":"category","embeddable":true,"href":"https:\/\/mentesutakon.hu\/en\/wp-json\/wp\/v2\/categories?post=7269"},{"taxonomy":"post_tag","embeddable":true,"href":"https:\/\/mentesutakon.hu\/en\/wp-json\/wp\/v2\/tags?post=7269"}],"curies":[{"name":"wp","href":"https:\/\/api.w.org\/{rel}","templated":true}]}}