{"id":7033,"date":"2022-10-16T19:26:40","date_gmt":"2022-10-16T17:26:40","guid":{"rendered":"https:\/\/mentesutakon.hu\/?p=7033"},"modified":"2023-06-30T14:27:47","modified_gmt":"2023-06-30T12:27:47","slug":"gluten-enni-vagy-nem-enni","status":"publish","type":"post","link":"https:\/\/mentesutakon.hu\/en\/gluten-enni-vagy-nem-enni\/","title":{"rendered":"A glut\u00e9n k\u00e9rd\u00e9s &#8211; enni vagy nem enni?"},"content":{"rendered":"\t\t<div data-elementor-type=\"wp-post\" data-elementor-id=\"7033\" class=\"elementor elementor-7033\" data-elementor-post-type=\"post\">\n\t\t\t\t\t\t<section class=\"elementor-section elementor-top-section elementor-element elementor-element-73c1f93a elementor-section-boxed elementor-section-height-default elementor-section-height-default\" data-id=\"73c1f93a\" data-element_type=\"section\" data-e-type=\"section\" data-settings=\"{&quot;ekit_has_onepagescroll_dot&quot;:&quot;yes&quot;}\">\n\t\t\t\t\t\t<div class=\"elementor-container elementor-column-gap-default\">\n\t\t\t\t\t<div class=\"elementor-column elementor-col-100 elementor-top-column elementor-element elementor-element-7a62d7a1\" data-id=\"7a62d7a1\" data-element_type=\"column\" data-e-type=\"column\">\n\t\t\t<div class=\"elementor-widget-wrap elementor-element-populated\">\n\t\t\t\t\t\t<div class=\"elementor-element elementor-element-607dce53 elementor-widget elementor-widget-image\" data-id=\"607dce53\" data-element_type=\"widget\" data-e-type=\"widget\" data-settings=\"{&quot;ekit_we_effect_on&quot;:&quot;none&quot;}\" data-widget_type=\"image.default\">\n\t\t\t\t<div class=\"elementor-widget-container\">\n\t\t\t\t\t\t\t\t\t\t\t\t\t\t\t<img fetchpriority=\"high\" decoding=\"async\" width=\"800\" height=\"800\" src=\"https:\/\/mentesutakon.hu\/wp-content\/uploads\/2022\/10\/Gluten-enni-vagy-nem-enni-1024x1024.png\" class=\"attachment-large size-large wp-image-7034\" alt=\"Mentes Utakon - A glut\u00e9n k\u00e9rd\u00e9s enni vagy nem enni?\" srcset=\"https:\/\/mentesutakon.hu\/wp-content\/uploads\/2022\/10\/Gluten-enni-vagy-nem-enni-1024x1024.png 1024w, https:\/\/mentesutakon.hu\/wp-content\/uploads\/2022\/10\/Gluten-enni-vagy-nem-enni-100x100.png 100w, https:\/\/mentesutakon.hu\/wp-content\/uploads\/2022\/10\/Gluten-enni-vagy-nem-enni-600x600.png 600w, https:\/\/mentesutakon.hu\/wp-content\/uploads\/2022\/10\/Gluten-enni-vagy-nem-enni-700x700.png 700w, https:\/\/mentesutakon.hu\/wp-content\/uploads\/2022\/10\/Gluten-enni-vagy-nem-enni-150x150.png 150w, https:\/\/mentesutakon.hu\/wp-content\/uploads\/2022\/10\/Gluten-enni-vagy-nem-enni-768x768.png 768w, https:\/\/mentesutakon.hu\/wp-content\/uploads\/2022\/10\/Gluten-enni-vagy-nem-enni-12x12.png 12w, https:\/\/mentesutakon.hu\/wp-content\/uploads\/2022\/10\/Gluten-enni-vagy-nem-enni.png 1080w\" sizes=\"(max-width: 800px) 100vw, 800px\" \/>\t\t\t\t\t\t\t\t\t\t\t\t\t\t\t<\/div>\n\t\t\t\t<\/div>\n\t\t\t\t<div class=\"elementor-element elementor-element-f7b3ac8 elementor-widget elementor-widget-text-editor\" data-id=\"f7b3ac8\" data-element_type=\"widget\" data-e-type=\"widget\" data-settings=\"{&quot;ekit_we_effect_on&quot;:&quot;none&quot;}\" data-widget_type=\"text-editor.default\">\n\t\t\t\t<div class=\"elementor-widget-container\">\n\t\t\t\t\t\t\t\t\t<p>A glut\u00e9n kapcs\u00e1n sz\u00e1mtalan inform\u00e1ci\u00f3 kering, \u00e9s igen neh\u00e9z eligazodni a sok ir\u00e1nyzat k\u00f6z\u00f6tt. \u00cdgy alakult, hogy m\u00e9g nekem is \u201eelm\u00falt\u201d a 100% glut\u00e9nmentess\u00e9g ir\u00e1nti elk\u00f6telezetts\u00e9gem, hiszen \u00e9n is folyamatosan t\u00e1j\u00e9koz\u00f3dom, tanulok, fejl\u0151d\u00f6k, \u00e9s sokmindent \u00e9rtettem meg a glut\u00e9nnal kapcsolatban. Ebben szeretn\u00e9k most seg\u00edteni Nektek is az \u00f6sszeszedett tud\u00e1som \u00e9s saj\u00e1t tapasztalataim alapj\u00e1n.<\/p>\t\t\t\t\t\t\t\t<\/div>\n\t\t\t\t<\/div>\n\t\t\t\t<div class=\"elementor-element elementor-element-3a9c1ac3 elementor-widget elementor-widget-heading\" data-id=\"3a9c1ac3\" data-element_type=\"widget\" data-e-type=\"widget\" data-settings=\"{&quot;ekit_we_effect_on&quot;:&quot;none&quot;}\" data-widget_type=\"heading.default\">\n\t\t\t\t<div class=\"elementor-widget-container\">\n\t\t\t\t\t<h2 class=\"elementor-heading-title elementor-size-default\">Mi is az a glut\u00e9n \u00e9s mi vele a \"baj\"?<\/h2>\t\t\t\t<\/div>\n\t\t\t\t<\/div>\n\t\t\t\t<div class=\"elementor-element elementor-element-2517e30 elementor-widget elementor-widget-text-editor\" data-id=\"2517e30\" data-element_type=\"widget\" data-e-type=\"widget\" data-settings=\"{&quot;ekit_we_effect_on&quot;:&quot;none&quot;}\" data-widget_type=\"text-editor.default\">\n\t\t\t\t<div class=\"elementor-widget-container\">\n\t\t\t\t\t\t\t\t\t<p>Kezdj\u00fck azzal, hogy mi is az a glut\u00e9n, hiszen annyit hallunk r\u00f3la, de sokan nem is tudj\u00e1k, pontosan mir\u0151l besz\u00e9l\u00fcnk.<\/p><p>A glut\u00e9n (m\u00e1s n\u00e9ven sik\u00e9r) a b\u00fazaf\u00e9l\u00e9k egyik feh\u00e9rj\u00e9je, mely val\u00f3j\u00e1ban k\u00e9t feh\u00e9rje, a gliadin \u00e9s a glutenin kever\u00e9ke. Alapvet\u0151en ez teszi rugalmass\u00e1, form\u00e1zhat\u00f3v\u00e1, ny\u00fajthat\u00f3v\u00e1 a lisztb\u0151l k\u00e9sz\u00fclt t\u00e9szt\u00e1kat, emiatt is kih\u00edv\u00e1s a glut\u00e9nmentes lisztekkel dolgozni.<\/p><p>Glut\u00e9nt tartalmaz\u00f3 gabonaf\u00e9l\u00e9k:<\/p><ul><li>B\u00faza<\/li><li>Rozs<\/li><li>T\u00f6nk\u00f6lyb\u00faza<\/li><li>\u00c1rpa<\/li><li>Zab (kiv\u00e9ve, ha glut\u00e9nmentes min\u0151s\u00edt\u00e9st kapott)<\/li><li>Alakor<\/li><li>Kamut<\/li><li>Kir\u00e1lyb\u00faza<\/li><li>Tritik\u00e1l\u00e9<\/li><\/ul><p>A glut\u00e9nt az elm\u00falt id\u0151szakban nagyon sokan d\u00e9moniz\u00e1lt\u00e1k, aminek van is n\u00e9mi alapja, viszont \u00e1ltal\u00e1noss\u00e1gban nem a glut\u00e9nnal van a baj, hanem:<\/p><ol><li>az irdatlan mennyis\u00e9g\u0171 finom\u00edtott sz\u00e9nhidr\u00e1tfogyaszt\u00e1ssal<\/li><li>a modern, nemes\u00edtett gabon\u00e1k magas glut\u00e9ntartalm\u00e1val (j\u00f3val meghaladja az \u0151sgabon\u00e1k glut\u00e9ntartalm\u00e1t)<\/li><li>az adal\u00e9kanyagos, tart\u00f3s\u00edtott, rossz min\u0151s\u00e9g\u0171 p\u00e9k\u00e1rukkal<\/li><li>a k\u00e1ros, r\u00e1kkelt\u0151 n\u00f6v\u00e9nyv\u00e9d\u0151szerekkel (teljes ki\u0151rl\u00e9s\u0171 gabon\u00e1k probl\u00e9m\u00e1ja)<\/li><\/ol><p>Egy kicsit menj\u00fcnk bele ezekbe. Egyre t\u00f6bbsz\u00f6r olvashatod n\u00e1lam, hogy finom\u00edtott sz\u00e9nhidr\u00e1t, \u00e9s azt is, hogy ez nem j\u00f3. Ez az\u00e9rt van, mert nem gy\u0151z\u00f6m hangs\u00falyozni, hogy mennyire fontos lenne leszoktatni magunkat a finom\u00edtott sz\u00e9nhidr\u00e1tok t\u00falzott fogyaszt\u00e1s\u00e1r\u00f3l. Tudom, hogy neh\u00e9z magunkba n\u00e9zni, \u00e9n is onnan indultam, hogy alap volt, hogy minden napra van p\u00e9ks\u00fcti reggelire, eb\u00e9dre t\u00e9szta, vagy egy kis keny\u00e9r a f\u0151\u00e9tel mell\u00e9, uzsonn\u00e1ra az\u00e9rt j\u00f6het egy kis kekszecske, vacsor\u00e1ra pedig szendvics. H\u00e1t, nem csod\u00e1lom, hogy t\u00f6nkretettem az em\u00e9szt\u0151rendszerem. Sajnos, ha ebben n\u00f6v\u00fcnk fel, ez a term\u00e9szetes, \u00e9szre sem vessz\u00fck, mennyi finom\u00edtott sz\u00e9nhidr\u00e1tot fogyasztunk \u2013 arr\u00f3l nem is besz\u00e9lve, hogy a k\u00e9szterm\u00e9kekkel m\u00e9g esetleg mennyi m\u00e1s k\u00e1ros anyagot juttatunk be a szervezet\u00fcnkbe. Ez mind sok kal\u00f3ria, hasznos t\u00e1panyagot, vitaminokat \u00e9s \u00e1sv\u00e1nyi anyagokat nem igen tartalmaznak, ezt nevezz\u00fck \u00fcres kal\u00f3ri\u00e1nak.<\/p><p>Szokt\u00e1k mondani, hogy de h\u00e1t az \u0151seink is sok kenyeret ettek, akkor mi mi\u00e9rt ne ehetn\u00e9nk\u2026 Na h\u00e1t igen, csakhogy a mai nemes\u00edtett gabon\u00e1knak j\u00f3val magasabb a glut\u00e9ntartalma, mint annak a gabon\u00e1nak, amit \u0151k fogyasztottak. Arr\u00f3l nem is besz\u00e9lve, hogy nem adal\u00e9kos, agyontart\u00f3s\u00edtott, hanem hosszan kov\u00e1szolt kenyereket k\u00e9sz\u00edtettek, ami nagyban jav\u00edtja az em\u00e9szhet\u0151s\u00e9get. Tov\u00e1bbi probl\u00e9ma m\u00e9g a k\u00e1ros, r\u00e1kkelt\u0151 n\u00f6v\u00e9nyv\u00e9d\u0151szerek, gyomirt\u00f3szerek haszn\u00e1lata (pl. glifoz\u00e1t, amit gyakran haszn\u00e1lnak b\u00faza, kukorica, zab, \u00e1rpa \u00e9s rozs, de m\u00e1s \u00e9lelmiszerek eset\u00e9ben is). Min\u00e9l ellen\u00e1ll\u00f3bbak a termesztett \u00e9lelmiszerek, ann\u00e1l t\u00f6bb \u00e9s er\u0151teljesebb anyagot haszn\u00e1lnak a \u201ev\u00e9delm\u00fck\u201d \u00e9rdek\u00e9ben, hiszen a termel\u00e9sben sajnos fontosabb a mennyis\u00e9g, mint a min\u0151s\u00e9g.<\/p><p>Ezen fel\u00fcl tov\u00e1bbi probl\u00e9m\u00e1t okozhat a glut\u00e9n, ha baj van az em\u00e9szt\u0151rendszerben vagy autoimmun betegs\u00e9gekkel k\u00fczdesz. Ugyanis a glut\u00e9n egyik alkot\u00f3eleme, a gliadin megemeli a zonulinszintet a szervezetben, amely fokozott b\u00e9lpermeabilit\u00e1st (\u00e1tereszt\u00e9st) okoz (leaky gut). T\u00fal gyakori glut\u00e9nbevitel, vagy m\u00e1r kialakult betegs\u00e9g eset\u00e9n az \u201e\u00e1tj\u00e1r\u00f3\u201d (tight junction) t\u00fal sok\u00e1ig maradhat nyitva \u2013 ezt nevezz\u00fck \u00e1tereszt\u0151 b\u00e9lszindr\u00f3m\u00e1nak (\u00c1BSZ) -, \u00e9s m\u00e9rgez\u0151, nem oda val\u00f3 anyagok is bejutnak a v\u00e9r\u00e1ramba. Az immunrendszer ez\u00e9rt v\u00e9dekezni kezd, \u00e1lland\u00f3 k\u00e9szenl\u00e9tben tartja mag\u00e1t, ami gyullad\u00e1sos, allergi\u00e1s reakci\u00f3khoz, a hisztamin\u00f3zis kialakul\u00e1s\u00e1hoz \/ fokoz\u00e1s\u00e1hoz vezethet. A glut\u00e9ntartalm\u00fa \u00e9telek ker\u00fcl\u00e9s\u00e9t ez\u00e9rt autoimmun, gyullad\u00e1sos betegs\u00e9gek eset\u00e9n felt\u00e9tlen\u00fcl ez javaslom, tov\u00e1bb\u00e1 a hisztamindi\u00e9ta kezdeti szakasz\u00e1ban is.<\/p><p>DE! Att\u00f3l m\u00e9g, hogy valami glut\u00e9nmentes, nem jelenti, hogy eg\u00e9szs\u00e9ges&#8230;<\/p><p><strong>x<\/strong> a glut\u00e9nmentes lisztek is finom\u00edtott sz\u00e9nhidr\u00e1tok<br \/><strong>x<\/strong> ezek is lehetnek extr\u00e9m gyorsan felsz\u00edv\u00f3d\u00f3, t\u00e1panyagszeg\u00e9ny sz\u00e9nhidr\u00e1tok<br \/><strong>x<\/strong> ezeknek is lehet sil\u00e1ny a min\u0151s\u00e9ge (GMO kukorica\/sz\u00f3ja, adal\u00e9kanyagok, tart\u00f3s\u00edt\u00f3szerek, n\u00f6v\u00e9nyv\u00e9d\u0151szerek)<\/p><p>Teh\u00e1t a glut\u00e9nmentes term\u00e9kek k\u00f6z\u00f6tt is fontos k\u00f6r\u00fcltekint\u0151nek lenni, f\u0151leg, ha k\u00e9szterm\u00e9ket, lisztkever\u00e9keket v\u00e1s\u00e1rolsz!<\/p>\t\t\t\t\t\t\t\t<\/div>\n\t\t\t\t<\/div>\n\t\t\t\t<div class=\"elementor-element elementor-element-b0ce1cc elementor-widget elementor-widget-heading\" data-id=\"b0ce1cc\" data-element_type=\"widget\" data-e-type=\"widget\" data-settings=\"{&quot;ekit_we_effect_on&quot;:&quot;none&quot;}\" data-widget_type=\"heading.default\">\n\t\t\t\t<div class=\"elementor-widget-container\">\n\t\t\t\t\t<h2 class=\"elementor-heading-title elementor-size-default\">Akkor mi a megold\u00e1s?<\/h2>\t\t\t\t<\/div>\n\t\t\t\t<\/div>\n\t\t\t\t<div class=\"elementor-element elementor-element-cce4b7f elementor-widget elementor-widget-text-editor\" data-id=\"cce4b7f\" data-element_type=\"widget\" data-e-type=\"widget\" data-settings=\"{&quot;ekit_we_effect_on&quot;:&quot;none&quot;}\" data-widget_type=\"text-editor.default\">\n\t\t\t\t<div class=\"elementor-widget-container\">\n\t\t\t\t\t\t\t\t\t<p>M\u00e1r biztosan erre vagy k\u00edv\u00e1ncsi, sz\u00f3val t\u00e9rj\u00fcnk is r\u00e1! \ud83d\ude0a Sz\u00f3val:<\/p><ul><li>ha m\u00e1r liszt, legyen lassabban felsz\u00edv\u00f3d\u00f3, t\u00e1panyagd\u00fasabb (pl. barnarizs, k\u00f6les, hajdina, cirok, teff, t\u00e1pi\u00f3ka, f\u00f6ldimandula, k\u00f3kusz, lenmag&#8230;), de a min\u0151s\u00e9g itt is fontos!<\/li><li>ha m\u00e1r glut\u00e9ntartalm\u00fa, legyen j\u00f3 min\u0151s\u00e9g\u0171, adal\u00e9kmentes, \u00e9leszt\u0151mentes, hosszan kov\u00e1szolt keny\u00e9r, j\u00f3 min\u0151s\u00e9g\u0171 (lehet\u0151leg bio) \u0151sgabonb\u00f3l (alakor (alacsony glut\u00e9ntartalm\u00fa), t\u00f6nk\u00f6ly, t\u00f6nke), kir\u00e1lyb\u00faz\u00e1b\u00f3l.<\/li><\/ul><p>\u00a0<\/p><p>Fontos, hogy feleslegesen nem kell glut\u00e9nmentes di\u00e9t\u00e1t tartani, ennek sz\u00fcks\u00e9gess\u00e9ge viszont mindig egyedi m\u00e9rlegel\u00e9st ig\u00e9nyel. C\u00f6li\u00e1kia eset\u00e9n a glut\u00e9n mindenk\u00e9pp \u00f6r\u00f6kre 100%-ban ker\u00fclend\u0151, azonban allergia, intolerancia eset\u00e9n nem felt\u00e9tlen. Ezt magabiztosan \u00e1ll\u00edtom, hiszen \u00e9n is sikeresen elmulasztottam az \u00e9tel\u00e9rz\u00e9kenys\u00e9geimet. \u00c1BSZ, autoimmun folyamtok eset\u00e9n a gy\u00f3gyul\u00e1s, regener\u00e1ci\u00f3 ut\u00e1n is sz\u00f3ba j\u00f6het a glut\u00e9ntartalm\u00fa gabon\u00e1k visszavezet\u00e9se, de mindig csak a megfelel\u0151 el\u0151k\u00e9sz\u00edt\u00e9s ut\u00e1n, fokozatosan. \u00c9s persze minden esetben figyelembe v\u00e9ve a fent le\u00edrtakat, \u00e9s a javasolt alapanyagokat el\u0151nyben r\u00e9szes\u00edtve! A feleslegesen tartott glut\u00e9nmentes di\u00e9ta pedig hirtelen nagyon rossz k\u00f6vetkezm\u00e9nyeket is okozhat, ha a megfelel\u0151 tudatoss\u00e1g n\u00e9lk\u00fcl v\u00e1logatod \u00f6ssze a megv\u00e1s\u00e1rolt term\u00e9keket, alapanyagokat, hiszen ahogyan ezt m\u00e1r a \u201emindenmentes\u201d term\u00e9kek kapcs\u00e1n r\u00e9szletesen kifejtettem egy kor\u00e1bbi bejegyz\u00e9sben, az itt is igaz: att\u00f3l m\u00e9g, hogy valami glut\u00e9nmentes, egy\u00e1ltal\u00e1n nem jelenti, hogy eg\u00e9szs\u00e9ges is! Cs\u00f6kkenhet a rost, vitamin- \u00e9s \u00e1sv\u00e1nyianyag bevitel, ami rossz hat\u00e1ssal lesz az em\u00e9szt\u00e9sre \u00e9s az eg\u00e9sz szervezet m\u0171k\u00f6d\u00e9s\u00e9re.<\/p><p>Csak hatalmas elsz\u00e1nts\u00e1ggal lehet mindig 100% eg\u00e9szs\u00e9gesen, tiszt\u00e1n, tudatosan enni, \u00e9n nem is k\u00e9rlek erre. Csak arra, hogy ezeket mindig tartsd szem el\u0151tt, figyeld a tested jelz\u00e9seit, \u00e9s amikor csak teheted, d\u00f6nts j\u00f3l a hossz\u00fat\u00e1v\u00fa eg\u00e9szs\u00e9ged \u00e9rdek\u00e9ben! De k\u00e9rlek ne p\u00e1nikolj \u00e9s ne legyen b\u0171ntudatod, ha id\u0151nk\u00e9nt becs\u00faszik egy \u201ehagyom\u00e1nyos\u201d \u00e9tkez\u00e9s! \ud83d\ude0a A hagyom\u00e1nyos feh\u00e9r b\u00fazafinomlisztet nagyon k\u00f6nnyed\u00e9n kiv\u00e1lthatjuk a konyh\u00e1ban, erre t\u00e9nyleg nem lehet kifog\u00e1s! Tudom, hogy n\u00e9mely liszt m\u00e1sk\u00e9pp viselkedik, de egy kis ut\u00e1naj\u00e1r\u00e1ssal hamar elsaj\u00e1t\u00edthatjuk minden liszt haszn\u00e1lat\u00e1t. M\u00e9g ha valaki eg\u00e9szs\u00e9ges is, akkor is javaslom, hogy sz\u00e9p lassan kezdje el lecser\u00e9lni az alapanyagokat a konyh\u00e1ban, majd egyszer csak \u00e9szre sem veszi, \u00e9s m\u00e1r ez lesz a term\u00e9szetes!<\/p><p>Ha m\u00e9g maradt Bennetek k\u00e9rd\u00e9s ezzel kapcsolatban, keressetek bizalommal!<\/p><p>Szeretettel,<\/p><p>Detti<\/p>\t\t\t\t\t\t\t\t<\/div>\n\t\t\t\t<\/div>\n\t\t\t\t\t<\/div>\n\t\t<\/div>\n\t\t\t\t\t<\/div>\n\t\t<\/section>\n\t\t\t\t<section class=\"elementor-section elementor-top-section elementor-element elementor-element-c47f189 elementor-hidden-desktop elementor-hidden-tablet elementor-hidden-mobile elementor-section-boxed elementor-section-height-default elementor-section-height-default\" data-id=\"c47f189\" data-element_type=\"section\" data-e-type=\"section\" data-settings=\"{&quot;ekit_has_onepagescroll_dot&quot;:&quot;yes&quot;}\">\n\t\t\t\t\t\t<div class=\"elementor-container elementor-column-gap-default\">\n\t\t\t\t\t<div class=\"elementor-column elementor-col-100 elementor-top-column elementor-element elementor-element-fa72c58\" data-id=\"fa72c58\" data-element_type=\"column\" data-e-type=\"column\">\n\t\t\t<div class=\"elementor-widget-wrap elementor-element-populated\">\n\t\t\t\t\t\t<div class=\"elementor-element elementor-element-6693c58 elementor-invisible elementor-widget elementor-widget-heading\" data-id=\"6693c58\" data-element_type=\"widget\" data-e-type=\"widget\" data-settings=\"{&quot;_animation&quot;:&quot;fadeInUp&quot;,&quot;ekit_we_effect_on&quot;:&quot;none&quot;}\" data-widget_type=\"heading.default\">\n\t\t\t\t<div class=\"elementor-widget-container\">\n\t\t\t\t\t<h2 class=\"elementor-heading-title elementor-size-default\">Hopp\u00e1!<\/h2>\t\t\t\t<\/div>\n\t\t\t\t<\/div>\n\t\t\t\t<div class=\"elementor-element elementor-element-c4cbd2c elementor-invisible elementor-widget elementor-widget-text-editor\" data-id=\"c4cbd2c\" data-element_type=\"widget\" data-e-type=\"widget\" data-settings=\"{&quot;_animation&quot;:&quot;fadeInUp&quot;,&quot;ekit_we_effect_on&quot;:&quot;none&quot;}\" data-widget_type=\"text-editor.default\">\n\t\t\t\t<div class=\"elementor-widget-container\">\n\t\t\t\t\t\t\t\t\t<div class=\"bee-block bee-block-1 bee-heading\"><span style=\"color: #333333; font-family: Georgia, 'Times New Roman', 'Bitstream Charter', Times, serif; font-size: 16px;\">Ez a tartalom csak el\u0151fizet\u00e9ssel el\u00e9rhet\u0151. Amennyiben rendelkezel el\u0151fizet\u00e9ses fi\u00f3kkal, k\u00e9rlek jelentkezz be az oldal megtekint\u00e9s\u00e9hez.<\/span><\/div>\t\t\t\t\t\t\t\t<\/div>\n\t\t\t\t<\/div>\n\t\t\t\t<div class=\"elementor-element elementor-element-f8d64bc elementor-widget elementor-widget-shortcode\" data-id=\"f8d64bc\" data-element_type=\"widget\" data-e-type=\"widget\" data-settings=\"{&quot;ekit_we_effect_on&quot;:&quot;none&quot;}\" data-widget_type=\"shortcode.default\">\n\t\t\t\t<div class=\"elementor-widget-container\">\n\t\t\t\t\t\t\t<div class=\"elementor-shortcode\">[loginform]<\/div>\n\t\t\t\t\t\t<\/div>\n\t\t\t\t<\/div>\n\t\t\t\t<div class=\"elementor-element elementor-element-9946f5a elementor-invisible elementor-widget elementor-widget-text-editor\" data-id=\"9946f5a\" data-element_type=\"widget\" data-e-type=\"widget\" data-settings=\"{&quot;_animation&quot;:&quot;fadeInUp&quot;,&quot;ekit_we_effect_on&quot;:&quot;none&quot;}\" data-widget_type=\"text-editor.default\">\n\t\t\t\t<div class=\"elementor-widget-container\">\n\t\t\t\t\t\t\t\t\t<div class=\"bee-block bee-block-1 bee-heading\">M\u00e9g nincs fi\u00f3kod, de szeretn\u00e9d l\u00e1tni a fizet\u0151s tartalmakat?\u00a0<span style=\"color: #85b216;\"><a style=\"color: #85b216;\" role=\"button\" href=\"https:\/\/mentesutakon.hu\/elofizetes\/#csomagok\">ITT TUDSZ EL\u0150FIZETNI!<\/a><\/span><\/div>\t\t\t\t\t\t\t\t<\/div>\n\t\t\t\t<\/div>\n\t\t\t\t\t<\/div>\n\t\t<\/div>\n\t\t\t\t\t<\/div>\n\t\t<\/section>\n\t\t\t\t<\/div>\n\t\t","protected":false},"excerpt":{"rendered":"<p>A glut\u00e9n kapcs\u00e1n sz\u00e1mtalan inform\u00e1ci\u00f3 kering, \u00e9s igen neh\u00e9z eligazodni a sok ir\u00e1nyzat k\u00f6z\u00f6tt. \u00cdgy alakult, hogy m\u00e9g nekem is \u201eelm\u00falt\u201d a 100% glut\u00e9nmentess\u00e9g ir\u00e1nti elk\u00f6telezetts\u00e9gem, hiszen \u00e9n is folyamatosan t\u00e1j\u00e9koz\u00f3dom, tanulok, fejl\u0151d\u00f6k, \u00e9s sokmindent \u00e9rtettem meg a glut\u00e9nnal kapcsolatban. Ebben szeretn\u00e9k most seg\u00edteni Nektek is az \u00f6sszeszedett tud\u00e1som \u00e9s saj\u00e1t tapasztalataim alapj\u00e1n. Mi is [&hellip;]<\/p>\n","protected":false},"author":3,"featured_media":7034,"comment_status":"open","ping_status":"open","sticky":false,"template":"","format":"standard","meta":{"footnotes":""},"categories":[13],"tags":[],"class_list":["post-7033","post","type-post","status-publish","format-standard","has-post-thumbnail","hentry","category-blog"],"_links":{"self":[{"href":"https:\/\/mentesutakon.hu\/en\/wp-json\/wp\/v2\/posts\/7033","targetHints":{"allow":["GET"]}}],"collection":[{"href":"https:\/\/mentesutakon.hu\/en\/wp-json\/wp\/v2\/posts"}],"about":[{"href":"https:\/\/mentesutakon.hu\/en\/wp-json\/wp\/v2\/types\/post"}],"author":[{"embeddable":true,"href":"https:\/\/mentesutakon.hu\/en\/wp-json\/wp\/v2\/users\/3"}],"replies":[{"embeddable":true,"href":"https:\/\/mentesutakon.hu\/en\/wp-json\/wp\/v2\/comments?post=7033"}],"version-history":[{"count":0,"href":"https:\/\/mentesutakon.hu\/en\/wp-json\/wp\/v2\/posts\/7033\/revisions"}],"wp:featuredmedia":[{"embeddable":true,"href":"https:\/\/mentesutakon.hu\/en\/wp-json\/wp\/v2\/media\/7034"}],"wp:attachment":[{"href":"https:\/\/mentesutakon.hu\/en\/wp-json\/wp\/v2\/media?parent=7033"}],"wp:term":[{"taxonomy":"category","embeddable":true,"href":"https:\/\/mentesutakon.hu\/en\/wp-json\/wp\/v2\/categories?post=7033"},{"taxonomy":"post_tag","embeddable":true,"href":"https:\/\/mentesutakon.hu\/en\/wp-json\/wp\/v2\/tags?post=7033"}],"curies":[{"name":"wp","href":"https:\/\/api.w.org\/{rel}","templated":true}]}}