{"id":6325,"date":"2022-09-22T09:22:14","date_gmt":"2022-09-22T07:22:14","guid":{"rendered":"https:\/\/mentesutakon.hu\/?p=6325"},"modified":"2023-06-30T14:29:25","modified_gmt":"2023-06-30T12:29:25","slug":"erdeigyumolcsos-kesudios-mousse-torta","status":"publish","type":"post","link":"https:\/\/mentesutakon.hu\/en\/erdeigyumolcsos-kesudios-mousse-torta\/","title":{"rendered":"Erdeigy\u00fcm\u00f6lcs\u00f6s-kesudi\u00f3s mousse torta"},"content":{"rendered":"\t\t<div data-elementor-type=\"wp-post\" data-elementor-id=\"6325\" class=\"elementor elementor-6325\" data-elementor-post-type=\"post\">\n\t\t\t\t\t\t<section class=\"elementor-section elementor-top-section elementor-element elementor-element-7b9805be elementor-section-boxed elementor-section-height-default elementor-section-height-default\" data-id=\"7b9805be\" data-element_type=\"section\" data-e-type=\"section\" data-settings=\"{&quot;ekit_has_onepagescroll_dot&quot;:&quot;yes&quot;}\">\n\t\t\t\t\t\t<div class=\"elementor-container elementor-column-gap-default\">\n\t\t\t\t\t<div class=\"elementor-column elementor-col-100 elementor-top-column elementor-element elementor-element-d4801c1\" data-id=\"d4801c1\" data-element_type=\"column\" data-e-type=\"column\">\n\t\t\t<div class=\"elementor-widget-wrap elementor-element-populated\">\n\t\t\t\t\t\t<div class=\"elementor-element elementor-element-1b9be9b1 elementor-widget elementor-widget-image\" data-id=\"1b9be9b1\" data-element_type=\"widget\" data-e-type=\"widget\" data-settings=\"{&quot;ekit_we_effect_on&quot;:&quot;none&quot;}\" data-widget_type=\"image.default\">\n\t\t\t\t<div class=\"elementor-widget-container\">\n\t\t\t\t\t\t\t\t\t\t\t\t\t\t\t<img fetchpriority=\"high\" decoding=\"async\" width=\"800\" height=\"400\" src=\"https:\/\/mentesutakon.hu\/wp-content\/uploads\/2022\/09\/mentes-utakon-vegan-mousse-torta-3.jpg\" class=\"attachment-large size-large wp-image-6329\" alt=\"Mentes Utakon - Erdeigy\u00fcm\u00f6lcs\u00f6s veg\u00e1n mousse torta\" srcset=\"https:\/\/mentesutakon.hu\/wp-content\/uploads\/2022\/09\/mentes-utakon-vegan-mousse-torta-3.jpg 1024w, https:\/\/mentesutakon.hu\/wp-content\/uploads\/2022\/09\/mentes-utakon-vegan-mousse-torta-3-600x300.jpg 600w, https:\/\/mentesutakon.hu\/wp-content\/uploads\/2022\/09\/mentes-utakon-vegan-mousse-torta-3-700x350.jpg 700w, https:\/\/mentesutakon.hu\/wp-content\/uploads\/2022\/09\/mentes-utakon-vegan-mousse-torta-3-768x384.jpg 768w, https:\/\/mentesutakon.hu\/wp-content\/uploads\/2022\/09\/mentes-utakon-vegan-mousse-torta-3-18x9.jpg 18w\" sizes=\"(max-width: 800px) 100vw, 800px\" \/>\t\t\t\t\t\t\t\t\t\t\t\t\t\t\t<\/div>\n\t\t\t\t<\/div>\n\t\t\t\t<div class=\"elementor-element elementor-element-17e7bde5 elementor-widget elementor-widget-text-editor\" data-id=\"17e7bde5\" data-element_type=\"widget\" data-e-type=\"widget\" data-settings=\"{&quot;ekit_we_effect_on&quot;:&quot;none&quot;}\" data-widget_type=\"text-editor.default\">\n\t\t\t\t<div class=\"elementor-widget-container\">\n\t\t\t\t\t\t\t\t\t<p>Na sorakoznak itt tov\u00e1bb a s\u00fctem\u00e9nyek, amik egy cukr\u00e1szd\u00e1ban is meg\u00e1lln\u00e1k a hely\u00fcket. Most egy cukr\u00e1sz bar\u00e1tn\u0151mmel k\u00e9sz\u00edtett\u00fck el k\u00f6z\u00f6sen a tort\u00e1t, amit egy\u00e9bk\u00e9nt a sz\u00fclet\u00e9snapomra kaptam T\u0151le. M\u00e1r akkor egy\u00e9rtelm\u0171 volt, hogy a blogomra is ki kell ker\u00fclj\u00f6n, f\u0151leg, hogy az \u00f6sszes bar\u00e1tomnak is nagyon \u00edzlett \u2013 jobban, mint a cukr\u00e1szd\u00e1ban vett mindenmentes s\u00fctem\u00e9ny.<\/p><p>Ami szuper ebben, hogy nem kell hozz\u00e1 sok hozz\u00e1val\u00f3, \u00e9s m\u00e9g s\u00fctni sem kell. N\u00e9mi el\u0151k\u00e9sz\u00fclettel ugyan, de \u00f6sszess\u00e9g\u00e9ben el\u00e9g gyorsan \u00e9s k\u00f6nnyed\u00e9n elk\u00e9sz\u00edthet\u0151. J\u00f3l olvasod, ennek a csinos kis tort\u00e1nak az elk\u00e9sz\u00edt\u00e9se egy\u00e1ltal\u00e1n nem bonyolult! <img decoding=\"async\" draggable=\"false\" role=\"img\" class=\"emoji\" alt=\"\ud83d\ude0a\" src=\"https:\/\/s.w.org\/images\/core\/emoji\/14.0.0\/svg\/1f60a.svg\"> Igaz, kicsit sok ed\u00e9ny kell hozz\u00e1, \u00e9s soknak t\u0171nik a l\u00e9p\u00e9s, de \u00edg\u00e9rem, ett\u0151l f\u00fcggetlen\u00fcl egyszer\u0171, \u00e9s nehezen elronthat\u00f3 \u2013 de k\u00e9rlek pontosan k\u00f6vesd a l\u00e9p\u00e9seket!<\/p><p>K\u00fcl\u00f6nleges dolog m\u00e9g sz\u00e1momra ebben a tort\u00e1ban \u2013 amit am\u00fagy m\u00e1r \u00e9n \u00faj\u00edtottam benne, hogy k\u00f3kuszolaj helyett v\u00e9gre egy olyan alapanyagot tettem bele, amit m\u00e1r nagyon r\u00e9g ki szerettem volna pr\u00f3b\u00e1lni. Ez nem m\u00e1s, mint a 100% tisztas\u00e1g\u00fa bio kak\u00f3vaj. B\u00e1r ez is sz\u00edntiszta zsirad\u00e9k, azonban ennek \u201ecsak\u201d 60 sz\u00e1zal\u00e9ka tel\u00edtett zs\u00edrsav, m\u00edg a k\u00f3kuszolaj eset\u00e9ben szinte az eg\u00e9sz az. A kaka\u00f3vaj \u00edgy nem csak k\u00fcl\u00f6nlegesebb \u00edzt ad neki, de m\u00e9g eg\u00e9szs\u00e9gesebb is, \u00e9s nem mellesleg hisztamindi\u00e9t\u00e1ban is b\u00e1tran haszn\u00e1lhat\u00f3.<\/p><p>A dekor\u00e1l\u00e1s R\u00e1d van b\u00edzva, abban a hat\u00e1r m\u00e1r a csillagos \u00e9g. Mi most ezt r\u00f6gt\u00f6n\u00f6zt\u00fck, \u00e9s azt kell mondjam, azt hiszem, ez lett \u00e9letem legszebb tort\u00e1ja, \u00edgy nagyon b\u00fcszk\u00e9n osztom meg a receptet.<\/p><p>Figyelem! A s\u00fcti el\u00e9g addikt\u00edv, de tartsd szem el\u0151tt, hogy b\u00e1r sz\u00e9nhidr\u00e1tszeg\u00e9ny, a zs\u00edrtartalma (\u00edgy a kal\u00f3riatartalma is) a sok mag miatt igen magas! Teh\u00e1t ez nem egy fogy\u00f3k\u00far\u00e1s s\u00fcti. Na de nem is az\u00e9rt esz\u00fcnk s\u00fctit, hogy fogy\u00f3k\u00far\u00e1zzunk, igaz? A l\u00e9nyeg, hogy ebb\u0151l el\u00e9g v\u00e9konyabb szeletet v\u00e1gni! <img decoding=\"async\" draggable=\"false\" role=\"img\" class=\"emoji\" alt=\"\ud83d\ude09\" src=\"https:\/\/s.w.org\/images\/core\/emoji\/14.0.0\/svg\/1f609.svg\"><\/p>\t\t\t\t\t\t\t\t<\/div>\n\t\t\t\t<\/div>\n\t\t\t\t<section class=\"elementor-section elementor-inner-section elementor-element elementor-element-3bae5b03 elementor-section-boxed elementor-section-height-default elementor-section-height-default\" data-id=\"3bae5b03\" data-element_type=\"section\" data-e-type=\"section\" data-settings=\"{&quot;ekit_has_onepagescroll_dot&quot;:&quot;yes&quot;}\">\n\t\t\t\t\t\t<div class=\"elementor-container elementor-column-gap-default\">\n\t\t\t\t\t<div class=\"elementor-column elementor-col-50 elementor-inner-column elementor-element elementor-element-7ce6b80d\" data-id=\"7ce6b80d\" data-element_type=\"column\" data-e-type=\"column\">\n\t\t\t<div class=\"elementor-widget-wrap elementor-element-populated\">\n\t\t\t\t\t\t<div class=\"elementor-element elementor-element-2e1bec85 elementor-widget elementor-widget-image\" data-id=\"2e1bec85\" data-element_type=\"widget\" data-e-type=\"widget\" data-settings=\"{&quot;ekit_we_effect_on&quot;:&quot;none&quot;}\" data-widget_type=\"image.default\">\n\t\t\t\t<div class=\"elementor-widget-container\">\n\t\t\t\t\t\t\t\t\t\t\t\t\t\t\t<img decoding=\"async\" width=\"800\" height=\"800\" src=\"https:\/\/mentesutakon.hu\/wp-content\/uploads\/2022\/09\/mentes-utakon-vegan-mousse-torta-1.jpg\" class=\"attachment-large size-large wp-image-6326\" alt=\"Mentes Utakon - Erdeigy\u00fcm\u00f6lcs\u00f6s veg\u00e1n mousse torta\" srcset=\"https:\/\/mentesutakon.hu\/wp-content\/uploads\/2022\/09\/mentes-utakon-vegan-mousse-torta-1.jpg 1024w, https:\/\/mentesutakon.hu\/wp-content\/uploads\/2022\/09\/mentes-utakon-vegan-mousse-torta-1-100x100.jpg 100w, https:\/\/mentesutakon.hu\/wp-content\/uploads\/2022\/09\/mentes-utakon-vegan-mousse-torta-1-600x600.jpg 600w, https:\/\/mentesutakon.hu\/wp-content\/uploads\/2022\/09\/mentes-utakon-vegan-mousse-torta-1-700x700.jpg 700w, https:\/\/mentesutakon.hu\/wp-content\/uploads\/2022\/09\/mentes-utakon-vegan-mousse-torta-1-150x150.jpg 150w, https:\/\/mentesutakon.hu\/wp-content\/uploads\/2022\/09\/mentes-utakon-vegan-mousse-torta-1-768x768.jpg 768w, https:\/\/mentesutakon.hu\/wp-content\/uploads\/2022\/09\/mentes-utakon-vegan-mousse-torta-1-12x12.jpg 12w, https:\/\/mentesutakon.hu\/wp-content\/uploads\/2022\/09\/mentes-utakon-vegan-mousse-torta-1-300x300.jpg 300w\" sizes=\"(max-width: 800px) 100vw, 800px\" \/>\t\t\t\t\t\t\t\t\t\t\t\t\t\t\t<\/div>\n\t\t\t\t<\/div>\n\t\t\t\t\t<\/div>\n\t\t<\/div>\n\t\t\t\t<div class=\"elementor-column elementor-col-50 elementor-inner-column elementor-element elementor-element-783333a7\" data-id=\"783333a7\" data-element_type=\"column\" data-e-type=\"column\">\n\t\t\t<div class=\"elementor-widget-wrap elementor-element-populated\">\n\t\t\t\t\t\t<div class=\"elementor-element elementor-element-38baf86 elementor-widget elementor-widget-image\" data-id=\"38baf86\" data-element_type=\"widget\" data-e-type=\"widget\" data-settings=\"{&quot;ekit_we_effect_on&quot;:&quot;none&quot;}\" data-widget_type=\"image.default\">\n\t\t\t\t<div class=\"elementor-widget-container\">\n\t\t\t\t\t\t\t\t\t\t\t\t\t\t\t<img decoding=\"async\" width=\"800\" height=\"800\" src=\"https:\/\/mentesutakon.hu\/wp-content\/uploads\/2022\/09\/mentes-utakon-vegan-mousse-torta-2.jpg\" class=\"attachment-large size-large wp-image-6328\" alt=\"Mentes Utakon - Erdeigy\u00fcm\u00f6lcs\u00f6s veg\u00e1n mousse torta\" srcset=\"https:\/\/mentesutakon.hu\/wp-content\/uploads\/2022\/09\/mentes-utakon-vegan-mousse-torta-2.jpg 1024w, https:\/\/mentesutakon.hu\/wp-content\/uploads\/2022\/09\/mentes-utakon-vegan-mousse-torta-2-100x100.jpg 100w, https:\/\/mentesutakon.hu\/wp-content\/uploads\/2022\/09\/mentes-utakon-vegan-mousse-torta-2-600x600.jpg 600w, https:\/\/mentesutakon.hu\/wp-content\/uploads\/2022\/09\/mentes-utakon-vegan-mousse-torta-2-700x700.jpg 700w, https:\/\/mentesutakon.hu\/wp-content\/uploads\/2022\/09\/mentes-utakon-vegan-mousse-torta-2-150x150.jpg 150w, https:\/\/mentesutakon.hu\/wp-content\/uploads\/2022\/09\/mentes-utakon-vegan-mousse-torta-2-768x768.jpg 768w, https:\/\/mentesutakon.hu\/wp-content\/uploads\/2022\/09\/mentes-utakon-vegan-mousse-torta-2-12x12.jpg 12w, https:\/\/mentesutakon.hu\/wp-content\/uploads\/2022\/09\/mentes-utakon-vegan-mousse-torta-2-300x300.jpg 300w\" sizes=\"(max-width: 800px) 100vw, 800px\" \/>\t\t\t\t\t\t\t\t\t\t\t\t\t\t\t<\/div>\n\t\t\t\t<\/div>\n\t\t\t\t\t<\/div>\n\t\t<\/div>\n\t\t\t\t\t<\/div>\n\t\t<\/section>\n\t\t\t\t<div class=\"elementor-element elementor-element-38033353 elementor-widget elementor-widget-heading\" data-id=\"38033353\" data-element_type=\"widget\" data-e-type=\"widget\" data-settings=\"{&quot;ekit_we_effect_on&quot;:&quot;none&quot;}\" data-widget_type=\"heading.default\">\n\t\t\t\t<div class=\"elementor-widget-container\">\n\t\t\t\t\t<h2 class=\"elementor-heading-title elementor-size-default\">Recept<\/h2>\t\t\t\t<\/div>\n\t\t\t\t<\/div>\n\t\t\t\t<div class=\"elementor-element elementor-element-70d73987 elementor-widget elementor-widget-heading\" data-id=\"70d73987\" data-element_type=\"widget\" data-e-type=\"widget\" data-settings=\"{&quot;ekit_we_effect_on&quot;:&quot;none&quot;}\" data-widget_type=\"heading.default\">\n\t\t\t\t<div class=\"elementor-widget-container\">\n\t\t\t\t\t<h2 class=\"elementor-heading-title elementor-size-default\">Hozz\u00e1val\u00f3k<\/h2>\t\t\t\t<\/div>\n\t\t\t\t<\/div>\n\t\t\t\t<div class=\"elementor-element elementor-element-7882b52e elementor-icon-list--layout-traditional elementor-list-item-link-full_width elementor-widget elementor-widget-icon-list\" data-id=\"7882b52e\" data-element_type=\"widget\" data-e-type=\"widget\" data-settings=\"{&quot;ekit_we_effect_on&quot;:&quot;none&quot;}\" data-widget_type=\"icon-list.default\">\n\t\t\t\t<div class=\"elementor-widget-container\">\n\t\t\t\t\t\t\t<ul class=\"elementor-icon-list-items\">\n\t\t\t\t\t\t\t<li class=\"elementor-icon-list-item\">\n\t\t\t\t\t\t\t\t\t\t\t<span class=\"elementor-icon-list-icon\">\n\t\t\t\t\t\t\t<i aria-hidden=\"true\" class=\"fas fa-chevron-right\"><\/i>\t\t\t\t\t\t<\/span>\n\t\t\t\t\t\t\t\t\t\t<span class=\"elementor-icon-list-text\">Alap<\/span>\n\t\t\t\t\t\t\t\t\t<\/li>\n\t\t\t\t\t\t\t\t<li class=\"elementor-icon-list-item\">\n\t\t\t\t\t\t\t\t\t\t<span class=\"elementor-icon-list-text\">100 g kesudi\u00f3 \/ magmix (vagy amit toler\u00e1lsz)<\/span>\n\t\t\t\t\t\t\t\t\t<\/li>\n\t\t\t\t\t\t\t\t<li class=\"elementor-icon-list-item\">\n\t\t\t\t\t\t\t\t\t\t<span class=\"elementor-icon-list-text\">50 g gm zabpehely (vagy k\u00f6les\/hajdinapehely)<\/span>\n\t\t\t\t\t\t\t\t\t<\/li>\n\t\t\t\t\t\t\t\t<li class=\"elementor-icon-list-item\">\n\t\t\t\t\t\t\t\t\t\t<span class=\"elementor-icon-list-text\">2-3 szem friss datolya (vagy ~2 ek datolyapaszta)<\/span>\n\t\t\t\t\t\t\t\t\t<\/li>\n\t\t\t\t\t\t\t\t<li class=\"elementor-icon-list-item\">\n\t\t\t\t\t\t\t\t\t\t\t<span class=\"elementor-icon-list-icon\">\n\t\t\t\t\t\t\t<i aria-hidden=\"true\" class=\"fas fa-chevron-right\"><\/i>\t\t\t\t\t\t<\/span>\n\t\t\t\t\t\t\t\t\t\t<span class=\"elementor-icon-list-text\">Mousse<\/span>\n\t\t\t\t\t\t\t\t\t<\/li>\n\t\t\t\t\t\t\t\t<li class=\"elementor-icon-list-item\">\n\t\t\t\t\t\t\t\t\t\t<span class=\"elementor-icon-list-text\">200 g kesudi\u00f3*<\/span>\n\t\t\t\t\t\t\t\t\t<\/li>\n\t\t\t\t\t\t\t\t<li class=\"elementor-icon-list-item\">\n\t\t\t\t\t\t\t\t\t\t<span class=\"elementor-icon-list-text\">400 ml konzerves k\u00f3kusztej \/ s\u0171r\u0171 k\u00f3kuszkr\u00e9m<\/span>\n\t\t\t\t\t\t\t\t\t<\/li>\n\t\t\t\t\t\t\t\t<li class=\"elementor-icon-list-item\">\n\t\t\t\t\t\t\t\t\t\t<span class=\"elementor-icon-list-text\">65 g kaka\u00f3vaj pasztilla (100%) \/ 100 ml k\u00f3kuszolaj<\/span>\n\t\t\t\t\t\t\t\t\t<\/li>\n\t\t\t\t\t\t\t\t<li class=\"elementor-icon-list-item\">\n\t\t\t\t\t\t\t\t\t\t<span class=\"elementor-icon-list-text\">1 tk van\u00edlia \u0151rlem\u00e9ny<\/span>\n\t\t\t\t\t\t\t\t\t<\/li>\n\t\t\t\t\t\t\t\t<li class=\"elementor-icon-list-item\">\n\t\t\t\t\t\t\t\t\t\t<span class=\"elementor-icon-list-text\">1 kupak almaecet\/verjus vagy \u00bc bio citrom leve<\/span>\n\t\t\t\t\t\t\t\t\t<\/li>\n\t\t\t\t\t\t\t\t<li class=\"elementor-icon-list-item\">\n\t\t\t\t\t\t\t\t\t\t<span class=\"elementor-icon-list-text\">Opcion\u00e1lis: p\u00e1r csepp stevia kivonat (\u00e9n en\u00e9lk\u00fcl k\u00e9sz\u00edtem)<\/span>\n\t\t\t\t\t\t\t\t\t<\/li>\n\t\t\t\t\t\t\t\t<li class=\"elementor-icon-list-item\">\n\t\t\t\t\t\t\t\t\t\t\t<span class=\"elementor-icon-list-icon\">\n\t\t\t\t\t\t\t<i aria-hidden=\"true\" class=\"fas fa-chevron-right\"><\/i>\t\t\t\t\t\t<\/span>\n\t\t\t\t\t\t\t\t\t\t<span class=\"elementor-icon-list-text\">Erdeigy\u00fcm\u00f6lcs zsel\u00e9<\/span>\n\t\t\t\t\t\t\t\t\t<\/li>\n\t\t\t\t\t\t\t\t<li class=\"elementor-icon-list-item\">\n\t\t\t\t\t\t\t\t\t\t<span class=\"elementor-icon-list-text\">300 g \u00e1fonya \/ 400 g m\u00e1lna vagy erdeigy\u00fcm\u00f6lcs mix**<\/span>\n\t\t\t\t\t\t\t\t\t<\/li>\n\t\t\t\t\t\t\t\t<li class=\"elementor-icon-list-item\">\n\t\t\t\t\t\t\t\t\t\t<span class=\"elementor-icon-list-text\">2 x \u00bd tk agar-agar<\/span>\n\t\t\t\t\t\t\t\t\t<\/li>\n\t\t\t\t\t\t<\/ul>\n\t\t\t\t\t\t<\/div>\n\t\t\t\t<\/div>\n\t\t\t\t<div class=\"elementor-element elementor-element-26c71ff2 elementor-widget elementor-widget-text-editor\" data-id=\"26c71ff2\" data-element_type=\"widget\" data-e-type=\"widget\" data-settings=\"{&quot;ekit_we_effect_on&quot;:&quot;none&quot;}\" data-widget_type=\"text-editor.default\">\n\t\t\t\t<div class=\"elementor-widget-container\">\n\t\t\t\t\t\t\t\t\t<p>*A kr\u00e9mhez haszn\u00e1lt kesudi\u00f3t egy \u00e9jszak\u00e1t \u00e1ztassuk, vagy forr\u00e1zzuk le \u00e9s legal\u00e1bb 1 \u00f3r\u00e1t hagyjuk \u00e1llni<\/p><p>**Ha m\u00e1ln\u00e1t\/szedret is haszn\u00e1lsz, akkor \u00e9rdemes \u00e1tpassz\u00edrozni a magok elt\u00e1vol\u00edt\u00e1s\u00e1ra, \u00edgy viszont 300 helyett 400 g gy\u00fcm\u00f6lcs\u00f6t \u00e9rdemes haszn\u00e1lni<\/p>\t\t\t\t\t\t\t\t<\/div>\n\t\t\t\t<\/div>\n\t\t\t\t<div class=\"elementor-element elementor-element-7de8354 elementor-widget elementor-widget-image\" data-id=\"7de8354\" data-element_type=\"widget\" data-e-type=\"widget\" data-settings=\"{&quot;ekit_we_effect_on&quot;:&quot;none&quot;}\" data-widget_type=\"image.default\">\n\t\t\t\t<div class=\"elementor-widget-container\">\n\t\t\t\t\t\t\t\t\t\t\t\t\t\t\t<img loading=\"lazy\" decoding=\"async\" width=\"800\" height=\"800\" src=\"https:\/\/mentesutakon.hu\/wp-content\/uploads\/2022\/09\/mentes-utakon-vegan-mousse-torta-4.jpg\" class=\"attachment-large size-large wp-image-6327\" alt=\"Mentes Utakon - Erdeigy\u00fcm\u00f6lcs\u00f6s veg\u00e1n mousse torta\" srcset=\"https:\/\/mentesutakon.hu\/wp-content\/uploads\/2022\/09\/mentes-utakon-vegan-mousse-torta-4.jpg 1024w, https:\/\/mentesutakon.hu\/wp-content\/uploads\/2022\/09\/mentes-utakon-vegan-mousse-torta-4-100x100.jpg 100w, https:\/\/mentesutakon.hu\/wp-content\/uploads\/2022\/09\/mentes-utakon-vegan-mousse-torta-4-600x600.jpg 600w, https:\/\/mentesutakon.hu\/wp-content\/uploads\/2022\/09\/mentes-utakon-vegan-mousse-torta-4-700x700.jpg 700w, https:\/\/mentesutakon.hu\/wp-content\/uploads\/2022\/09\/mentes-utakon-vegan-mousse-torta-4-150x150.jpg 150w, https:\/\/mentesutakon.hu\/wp-content\/uploads\/2022\/09\/mentes-utakon-vegan-mousse-torta-4-768x768.jpg 768w, https:\/\/mentesutakon.hu\/wp-content\/uploads\/2022\/09\/mentes-utakon-vegan-mousse-torta-4-12x12.jpg 12w, https:\/\/mentesutakon.hu\/wp-content\/uploads\/2022\/09\/mentes-utakon-vegan-mousse-torta-4-300x300.jpg 300w\" sizes=\"(max-width: 800px) 100vw, 800px\" \/>\t\t\t\t\t\t\t\t\t\t\t\t\t\t\t<\/div>\n\t\t\t\t<\/div>\n\t\t\t\t<div class=\"elementor-element elementor-element-56e615e3 elementor-widget elementor-widget-heading\" data-id=\"56e615e3\" data-element_type=\"widget\" data-e-type=\"widget\" data-settings=\"{&quot;ekit_we_effect_on&quot;:&quot;none&quot;}\" data-widget_type=\"heading.default\">\n\t\t\t\t<div class=\"elementor-widget-container\">\n\t\t\t\t\t<h2 class=\"elementor-heading-title elementor-size-default\">Elk\u00e9sz\u00edt\u00e9s<\/h2>\t\t\t\t<\/div>\n\t\t\t\t<\/div>\n\t\t\t\t<div class=\"elementor-element elementor-element-e88b530 elementor-widget elementor-widget-text-editor\" data-id=\"e88b530\" data-element_type=\"widget\" data-e-type=\"widget\" data-settings=\"{&quot;ekit_we_effect_on&quot;:&quot;none&quot;}\" data-widget_type=\"text-editor.default\">\n\t\t\t\t<div class=\"elementor-widget-container\">\n\t\t\t\t\t\t\t\t\t<ol><li>C\u00e9lszer\u0171 a gy\u00fcm\u00f6lcszsel\u00e9 k\u00e9sz\u00edt\u00e9ssel kezdeni a folyamatot. A v\u00e1lasztott gy\u00fcm\u00f6lcs\u00f6t f\u0151zz\u00fck addig egy kev\u00e9s v\u00edzzel (~50 ml), m\u00edg szinte p\u00e9pes lesz az \u00e1llaga. Ha nem szeretn\u00e9d, hogy magos legyen, akkor enn\u00e9l a pontn\u00e1l passz\u00edrozd \u00e1t egy sz\u0171r\u0151n, vagy ha nem magos akkor botmixerrel p\u00fcr\u00e9s\u00edts\u00fck \u00f6ssze. (Pro tipp: magas fal\u00fa ed\u00e9nyt haszn\u00e1lj, \u00e9s vigy\u00e1zz a ruh\u00e1dra! \ud83d\ude0a )<\/li><li>Ha a k\u00f6zep\u00e9be szeretn\u00e9l zsel\u00e9lapot a fancybb megjelen\u00e9s\u00e9rt, akkor ezen a ponton kett\u00e9szedj\u00fck a gy\u00fcm\u00f6lcsp\u00fcr\u00e9t. (Ha nem, akkor hagyd ki ezt \u00e9s az ehhez kapcsol\u00f3d\u00f3 l\u00e9p\u00e9seket.) 4 ev\u0151kan\u00e1llal \u00e1tmer\u00fcnk egy kis l\u00e1basba, \u00e9s adjunk hozz\u00e1 \u00bd tk agar-agart egy pici v\u00edzben feloldva, majd alacsony l\u00e1ngon folyamatos kever\u00e9s mellett rotyogtassuk r\u00f6vid ideig. \u00d6nts\u00fck a zsel\u00e9 alapanyagot egy kb 14cm \u00e1tm\u00e9r\u0151j\u0171 kerek szilikonform\u00e1ba vagy egy kist\u00e1ny\u00e9r alj\u00e1ba, egyengess\u00fck el, majd ha kicsit kih\u0171lt, tegy\u00fck a fagyaszt\u00f3ba. (Ha nagyobb tortaform\u00e1t haszn\u00e1lsz, akkor lehet nagyobb \u00e1tm\u00e9r\u0151j\u0171 a zsel\u00e9lap is.)<\/li><li>Az alaphoz tegy\u00fcnk minden hozz\u00e1val\u00f3t egy apr\u00edt\u00f3g\u00e9pbe, \u00e9s magas fokozaton alaposan dar\u00e1ljuk \u00f6ssze, m\u00edg el nem \u00e9rj\u00fck azt az \u00e1llagot, amikor k\u00e9zzel \u00f6sszenyomva tapad\u00f3s lesz a kever\u00e9k. Sz\u00fcks\u00e9g eset\u00e9n p\u00e1rszor \u00f3vatosan kapargassuk le az oldal\u00e1ra vagy az alj\u00e1ra a tapadt r\u00e9szt.<\/li><li>\u00d6nts\u00fck a kever\u00e9ket egy 16 cm \u00e1tm\u00e9r\u0151j\u0171 tortaform\u00e1ba, \u00e9s egy egyenes alj\u00fa poh\u00e1r seg\u00edts\u00e9g\u00e9vel alaposan nyomkodjuk bele, majd tegy\u00fck h\u0171t\u0151be.<\/li><li>A moussehoz olvasszuk fel a kak\u00f3vaj pasztill\u00e1t\/k\u00f3kuszolajat, \u00e9s botmixerrel p\u00fcr\u00e9s\u00edts\u00fck \u00f6ssze az \u00e1ztatott kesudi\u00f3val, a k\u00f3kusztejjel, az almaecettel \/ verjussal \/ citroml\u00e9vel \u00e9s a van\u00edlia \u0151rlem\u00e9nnyel. Tegy\u00fck f\u00e9lre.<\/li><li>A marad\u00e9k gy\u00fcm\u00f6lcsp\u00fcr\u00e9hez adjunk hozz\u00e1 \u00bd tk agar-agart egy kev\u00e9s v\u00edzben feloldva, t\u0171zhelyen rottyantsuk \u00f6ssze, majd lassan \u00f6ntve lass\u00fa, k\u00f6rk\u00f6r\u00f6s, fel-le ir\u00e1nyul\u00f3 keverget\u00e9s mellett hozz\u00e1adjuk a mousse alaphoz. Nem kell teljesen \u00f6sszekeverni, \u00edgy sz\u00e9p cs\u00edkos lesz.<\/li><li>Egy v\u00e9kony r\u00e9teg mousse \u00f3vatosan \u00f6ntve mehet a tortaalapra, majd \u00f3vatosan r\u00e1tessz\u00fck a kidermedt zsel\u00e9lapot. (Ha t\u00e1ny\u00e9ron van, akkor egy lap\u00e1ttal \u00f3vatosan szedd fel.) A tetej\u00e9re mehet a marad\u00e9k mousse.<\/li><li>A tort\u00e1t alaposan \u00fct\u00f6gesd a konyhapulthoz, hogy ne maradjanak benne leveg\u0151bubor\u00e9kok.<\/li><li>Opcion\u00e1lis: ha extr\u00e1zni szeretn\u00e9nk a tetej\u00e9t, akkor valamilyen term\u00e9szetes \u00e9telsz\u00ednez\u00e9ket haszn\u00e1lhatunk, de mag\u00e1val a gy\u00fcm\u00f6lcsp\u00fcr\u00e9vel is dolgozhatunk. H\u00fazz r\u00e1 cs\u00edkokat, \u00e9s egy hurkap\u00e1lcik\u00e1val tetsz\u0151legesen keverj bele cs\u00edkokat.<\/li><li>A tort\u00e1t legal\u00e1bb 2-3 \u00f3r\u00e1n \u00e1t pihentess\u00fck h\u0171t\u0151ben (fagyaszt\u00f3ba t\u00e9ve kicsit gyors\u00edthatjuk a folyamatot, de ne fagyasszuk meg!). A d\u00edsz\u00edt\u00e9shez haszn\u00e1lhatunk friss gy\u00fcm\u00f6lcs\u00f6ket, magt\u00f6retet, veg\u00e1n csokol\u00e1d\u00e9t\u2026 N\u00e1lam most m\u00e9g egy kis csill\u00e1mpor is ker\u00fclt r\u00e1 \u2013 igen, ilyen is van; na milyen el\u0151nyei vannak, ha egy cukr\u00e1szn\u00e1l s\u00fct az ember!<\/li><\/ol>\t\t\t\t\t\t\t\t<\/div>\n\t\t\t\t<\/div>\n\t\t\t\t<div class=\"elementor-element elementor-element-6894ea5 elementor-widget elementor-widget-heading\" data-id=\"6894ea5\" data-element_type=\"widget\" data-e-type=\"widget\" data-settings=\"{&quot;ekit_we_effect_on&quot;:&quot;none&quot;}\" data-widget_type=\"heading.default\">\n\t\t\t\t<div class=\"elementor-widget-container\">\n\t\t\t\t\t<h2 class=\"elementor-heading-title elementor-size-default\">Tippek<\/h2>\t\t\t\t<\/div>\n\t\t\t\t<\/div>\n\t\t\t\t<div class=\"elementor-element elementor-element-4cb75847 elementor-widget elementor-widget-text-editor\" data-id=\"4cb75847\" data-element_type=\"widget\" data-e-type=\"widget\" data-settings=\"{&quot;ekit_we_effect_on&quot;:&quot;none&quot;}\" data-widget_type=\"text-editor.default\">\n\t\t\t\t<div class=\"elementor-widget-container\">\n\t\t\t\t\t\t\t\t\t<ol><li>\u00c9n most egy kisebb, 16 cm \u00e1tm\u00e9r\u0151j\u0171 form\u00e1t haszn\u00e1ltam, hogy magasabb \u00e9s mutat\u00f3sabb legyen a s\u00fctem\u00e9ny. Ha nagyobb form\u00e1t haszn\u00e1lsz, akkor laposabb lesz. A mousse \u00edgy is elegend\u0151, de az alap mennyis\u00e9g\u00e9t sz\u00fcks\u00e9g eset\u00e9n n\u00f6veld m\u00e1sf\u00e9lszeres mennyis\u00e9gre, hogy ne legyen t\u00fal v\u00e9kony, instabil!<\/li><li>Amikor veszitek ki a form\u00e1b\u00f3l, akkor nagyon lassan csatold le az oldal\u00e1t. Ha \u00fagy l\u00e1tod, bereped, akkor el\u0151sz\u00f6r egy langyos v\u00edzbe m\u00e1rtott k\u00e9ssel \u00f3vatosan \u201ev\u00e1gd k\u00f6rbe\u201d a tort\u00e1t (el\u00e9g a kr\u00e9m r\u00e9sz\u00e9t, nem kell az alj\u00e1ig leny\u00falni.<\/li><li>Ha a tortaforma lev\u00e9tele ut\u00e1n nem sz\u00e9p az oldala, egy langyos v\u00edzbe m\u00e1rtott k\u00e9st \u00f3vatosan v\u00e9gigh\u00fazva rajta ki tudod egyenl\u00edteni a sz\u00e9l\u00e9t, \u00edgy a v\u00e9geredm\u00e9ny egy sz\u00e9p sima sz\u00e9l\u0171 torta lesz.<\/li><li>Ha a torta sok\u00e1ig nincs h\u0171tve, elkezd l\u00e1gyulni, majd ha t\u00e9nyleg sokat \u00e1ll szobah\u0151m\u00e9rs\u00e9kleten, 1-2 \u00f3ra ut\u00e1n elkezdhet sz\u00e9tfolyni is. Ezt tartsd szem el\u0151tt sz\u00e1ll\u00edt\u00e1skor\/t\u00e1lal\u00e1skor. De ha m\u00e9g nincs megv\u00e1gva, az sem gond, ha kicsit megl\u00e1gyul, csak v\u00e1g\u00e1s el\u0151tt h\u0171tsd \u00fajra vissza, m\u00edg sz\u00e9pen megszil\u00e1rdul a kr\u00e9m.<span class=\"Apple-converted-space\">\u00a0<\/span><\/li><\/ol>\t\t\t\t\t\t\t\t<\/div>\n\t\t\t\t<\/div>\n\t\t\t\t<div class=\"elementor-element elementor-element-56e13db elementor-widget elementor-widget-text-editor\" data-id=\"56e13db\" data-element_type=\"widget\" data-e-type=\"widget\" data-settings=\"{&quot;ekit_we_effect_on&quot;:&quot;none&quot;}\" data-widget_type=\"text-editor.default\">\n\t\t\t\t<div class=\"elementor-widget-container\">\n\t\t\t\t\t\t\t\t\t<p>B\u00edzom benne, hogy Ti is im\u00e1dni fogj\u00e1tok ezt a kis csoda tort\u00e1t! H\u0171t\u0151ben t\u00e1rolva, lehet\u0151leg 2 napon bel\u00fcl fogyassz\u00e1tok el.<\/p><p>Szeretettel,<br \/><span style=\"color: var( --e-global-color-text );\">Detti<\/span><\/p>\t\t\t\t\t\t\t\t<\/div>\n\t\t\t\t<\/div>\n\t\t\t\t\t<\/div>\n\t\t<\/div>\n\t\t\t\t\t<\/div>\n\t\t<\/section>\n\t\t\t\t<section class=\"elementor-section elementor-top-section elementor-element elementor-element-55dc5c91 elementor-hidden-desktop elementor-hidden-tablet elementor-hidden-mobile elementor-section-boxed elementor-section-height-default elementor-section-height-default\" data-id=\"55dc5c91\" data-element_type=\"section\" data-e-type=\"section\" data-settings=\"{&quot;ekit_has_onepagescroll_dot&quot;:&quot;yes&quot;}\">\n\t\t\t\t\t\t<div class=\"elementor-container elementor-column-gap-default\">\n\t\t\t\t\t<div class=\"elementor-column elementor-col-100 elementor-top-column elementor-element elementor-element-26fb8959\" data-id=\"26fb8959\" data-element_type=\"column\" data-e-type=\"column\">\n\t\t\t<div class=\"elementor-widget-wrap elementor-element-populated\">\n\t\t\t\t\t\t<div class=\"elementor-element elementor-element-656623e1 elementor-invisible elementor-widget elementor-widget-heading\" data-id=\"656623e1\" data-element_type=\"widget\" data-e-type=\"widget\" data-settings=\"{&quot;_animation&quot;:&quot;fadeInUp&quot;,&quot;ekit_we_effect_on&quot;:&quot;none&quot;}\" data-widget_type=\"heading.default\">\n\t\t\t\t<div class=\"elementor-widget-container\">\n\t\t\t\t\t<h2 class=\"elementor-heading-title elementor-size-default\">Hopp\u00e1!<\/h2>\t\t\t\t<\/div>\n\t\t\t\t<\/div>\n\t\t\t\t<div class=\"elementor-element elementor-element-d4f151e elementor-invisible elementor-widget elementor-widget-text-editor\" data-id=\"d4f151e\" data-element_type=\"widget\" data-e-type=\"widget\" data-settings=\"{&quot;_animation&quot;:&quot;fadeInUp&quot;,&quot;ekit_we_effect_on&quot;:&quot;none&quot;}\" data-widget_type=\"text-editor.default\">\n\t\t\t\t<div class=\"elementor-widget-container\">\n\t\t\t\t\t\t\t\t\t<div class=\"bee-block bee-block-1 bee-heading\"><span style=\"color: #333333; font-family: Georgia, 'Times New Roman', 'Bitstream Charter', Times, serif; font-size: 16px;\">Ez a tartalom csak el\u0151fizet\u00e9ssel el\u00e9rhet\u0151. Amennyiben rendelkezel el\u0151fizet\u00e9ses fi\u00f3kkal, k\u00e9rlek jelentkezz be az oldal megtekint\u00e9s\u00e9hez.<\/span><\/div>\t\t\t\t\t\t\t\t<\/div>\n\t\t\t\t<\/div>\n\t\t\t\t<div class=\"elementor-element elementor-element-73e43061 elementor-widget elementor-widget-shortcode\" data-id=\"73e43061\" data-element_type=\"widget\" data-e-type=\"widget\" data-settings=\"{&quot;ekit_we_effect_on&quot;:&quot;none&quot;}\" data-widget_type=\"shortcode.default\">\n\t\t\t\t<div class=\"elementor-widget-container\">\n\t\t\t\t\t\t\t<div class=\"elementor-shortcode\">[loginform]<\/div>\n\t\t\t\t\t\t<\/div>\n\t\t\t\t<\/div>\n\t\t\t\t<div class=\"elementor-element elementor-element-65b8130e elementor-invisible elementor-widget elementor-widget-text-editor\" data-id=\"65b8130e\" data-element_type=\"widget\" data-e-type=\"widget\" data-settings=\"{&quot;_animation&quot;:&quot;fadeInUp&quot;,&quot;ekit_we_effect_on&quot;:&quot;none&quot;}\" data-widget_type=\"text-editor.default\">\n\t\t\t\t<div class=\"elementor-widget-container\">\n\t\t\t\t\t\t\t\t\t<div class=\"bee-block bee-block-1 bee-heading\">M\u00e9g nincs fi\u00f3kod, de szeretn\u00e9d l\u00e1tni a fizet\u0151s tartalmakat?\u00a0<span style=\"color: #85b216;\"><a style=\"color: #85b216;\" role=\"button\" href=\"https:\/\/mentesutakon.hu\/elofizetes\/#csomagok\">ITT TUDSZ EL\u0150FIZETNI!<\/a><\/span><\/div>\t\t\t\t\t\t\t\t<\/div>\n\t\t\t\t<\/div>\n\t\t\t\t\t<\/div>\n\t\t<\/div>\n\t\t\t\t\t<\/div>\n\t\t<\/section>\n\t\t\t\t<\/div>\n\t\t","protected":false},"excerpt":{"rendered":"<p>Na sorakoznak itt tov\u00e1bb a s\u00fctem\u00e9nyek, amik egy cukr\u00e1szd\u00e1ban is meg\u00e1lln\u00e1k a hely\u00fcket. Most egy cukr\u00e1sz bar\u00e1tn\u0151mmel k\u00e9sz\u00edtett\u00fck el k\u00f6z\u00f6sen a tort\u00e1t, amit egy\u00e9bk\u00e9nt a sz\u00fclet\u00e9snapomra kaptam T\u0151le. M\u00e1r akkor egy\u00e9rtelm\u0171 volt, hogy a blogomra is ki kell ker\u00fclj\u00f6n, f\u0151leg, hogy az \u00f6sszes bar\u00e1tomnak is nagyon \u00edzlett \u2013 jobban, mint a cukr\u00e1szd\u00e1ban vett mindenmentes s\u00fctem\u00e9ny. [&hellip;]<\/p>\n","protected":false},"author":3,"featured_media":6327,"comment_status":"open","ping_status":"open","sticky":false,"template":"","format":"standard","meta":{"footnotes":""},"categories":[14],"tags":[71,63,61,25,37],"class_list":["post-6325","post","type-post","status-publish","format-standard","has-post-thumbnail","hentry","category-desszert-kisetkezes","tag-fizetos","tag-fruktozszegeny","tag-glutenmentes","tag-hisztaminszegeny","tag-vegan"],"_links":{"self":[{"href":"https:\/\/mentesutakon.hu\/en\/wp-json\/wp\/v2\/posts\/6325","targetHints":{"allow":["GET"]}}],"collection":[{"href":"https:\/\/mentesutakon.hu\/en\/wp-json\/wp\/v2\/posts"}],"about":[{"href":"https:\/\/mentesutakon.hu\/en\/wp-json\/wp\/v2\/types\/post"}],"author":[{"embeddable":true,"href":"https:\/\/mentesutakon.hu\/en\/wp-json\/wp\/v2\/users\/3"}],"replies":[{"embeddable":true,"href":"https:\/\/mentesutakon.hu\/en\/wp-json\/wp\/v2\/comments?post=6325"}],"version-history":[{"count":0,"href":"https:\/\/mentesutakon.hu\/en\/wp-json\/wp\/v2\/posts\/6325\/revisions"}],"wp:featuredmedia":[{"embeddable":true,"href":"https:\/\/mentesutakon.hu\/en\/wp-json\/wp\/v2\/media\/6327"}],"wp:attachment":[{"href":"https:\/\/mentesutakon.hu\/en\/wp-json\/wp\/v2\/media?parent=6325"}],"wp:term":[{"taxonomy":"category","embeddable":true,"href":"https:\/\/mentesutakon.hu\/en\/wp-json\/wp\/v2\/categories?post=6325"},{"taxonomy":"post_tag","embeddable":true,"href":"https:\/\/mentesutakon.hu\/en\/wp-json\/wp\/v2\/tags?post=6325"}],"curies":[{"name":"wp","href":"https:\/\/api.w.org\/{rel}","templated":true}]}}