{"id":1056,"date":"2021-04-18T16:11:58","date_gmt":"2021-04-18T14:11:58","guid":{"rendered":"https:\/\/mentesutakon.com\/?p=1056"},"modified":"2022-10-10T19:29:27","modified_gmt":"2022-10-10T17:29:27","slug":"resztelt-maj-es-hazi-majkrem-hisztaminszegeny","status":"publish","type":"post","link":"https:\/\/mentesutakon.hu\/en\/resztelt-maj-es-hazi-majkrem-hisztaminszegeny\/","title":{"rendered":"Resztelt m\u00e1j \u00e9s h\u00e1zi m\u00e1jkr\u00e9m"},"content":{"rendered":"<div data-elementor-type=\"wp-post\" data-elementor-id=\"1056\" class=\"elementor elementor-1056\" data-elementor-post-type=\"post\">\n\t\t\t\t\t\t<section class=\"elementor-section elementor-top-section elementor-element elementor-element-16d24c51 elementor-section-boxed elementor-section-height-default elementor-section-height-default\" data-id=\"16d24c51\" data-element_type=\"section\" data-e-type=\"section\" data-settings=\"{&quot;ekit_has_onepagescroll_dot&quot;:&quot;yes&quot;}\">\n\t\t\t\t\t\t<div class=\"elementor-container elementor-column-gap-default\">\n\t\t\t\t\t<div class=\"elementor-column elementor-col-100 elementor-top-column elementor-element elementor-element-521bc64\" data-id=\"521bc64\" data-element_type=\"column\" data-e-type=\"column\">\n\t\t\t<div class=\"elementor-widget-wrap elementor-element-populated\">\n\t\t\t\t\t\t<div class=\"elementor-element elementor-element-21f49f6a elementor-widget elementor-widget-image\" data-id=\"21f49f6a\" data-element_type=\"widget\" data-e-type=\"widget\" data-settings=\"{&quot;ekit_we_effect_on&quot;:&quot;none&quot;}\" data-widget_type=\"image.default\">\n\t\t\t\t<div class=\"elementor-widget-container\">\n\t\t\t\t\t\t\t\t\t\t\t\t\t\t\t<img fetchpriority=\"high\" decoding=\"async\" width=\"800\" height=\"800\" src=\"https:\/\/mentesutakon.hu\/wp-content\/uploads\/2021\/04\/mentesutakon-reszteltmaj-2-1024x1024.jpg\" class=\"attachment-large size-large wp-image-2281\" alt=\"Mentes Utakon resztelt m\u00e1j \u00e9s h\u00e1zi m\u00e1jkr\u00e9m\" srcset=\"https:\/\/mentesutakon.hu\/wp-content\/uploads\/2021\/04\/mentesutakon-reszteltmaj-2.jpg 1024w, https:\/\/mentesutakon.hu\/wp-content\/uploads\/2021\/04\/mentesutakon-reszteltmaj-2-100x100.jpg 100w, https:\/\/mentesutakon.hu\/wp-content\/uploads\/2021\/04\/mentesutakon-reszteltmaj-2-600x600.jpg 600w, https:\/\/mentesutakon.hu\/wp-content\/uploads\/2021\/04\/mentesutakon-reszteltmaj-2-300x300.jpg 300w, https:\/\/mentesutakon.hu\/wp-content\/uploads\/2021\/04\/mentesutakon-reszteltmaj-2-700x700.jpg 700w, https:\/\/mentesutakon.hu\/wp-content\/uploads\/2021\/04\/mentesutakon-reszteltmaj-2-150x150.jpg 150w, https:\/\/mentesutakon.hu\/wp-content\/uploads\/2021\/04\/mentesutakon-reszteltmaj-2-768x768.jpg 768w\" sizes=\"(max-width: 800px) 100vw, 800px\" \/>\t\t\t\t\t\t\t\t\t\t\t\t\t\t\t<\/div>\n\t\t\t\t<\/div>\n\t\t\t\t<div class=\"elementor-element elementor-element-2773a535 elementor-widget elementor-widget-text-editor\" data-id=\"2773a535\" data-element_type=\"widget\" data-e-type=\"widget\" data-settings=\"{&quot;ekit_we_effect_on&quot;:&quot;none&quot;}\" data-widget_type=\"text-editor.default\">\n\t\t\t\t<div class=\"elementor-widget-container\">\n\t\t\t\t\t\t\t\t\t<p>A sok \u00e9dess\u00e9g ut\u00e1n ideje volt egy egyszer\u0171en elk\u00e9sz\u00edthet\u0151 eb\u00e9d\u00f6tlettel k\u00e9sz\u00fcln\u00f6m Nektek, ami r\u00e1ad\u00e1sul k\u00e9t recept is egyben. A resztelt m\u00e1jb\u00f3l ugyanis nagyon \u00edzletes h\u00e1zi m\u00e1jkr\u00e9met is k\u00e9sz\u00edthet\u00fcnk, ami remek kieg\u00e9sz\u00edt\u0151je lehet egy vacsor\u00e1nak is, p\u00e9ld\u00e1ul egy kis pir\u00edt\u00f3ssal. A resztelt m\u00e1j el\u00e9g \u201calap recept\u201d, sokatoknak biztos nem mondok \u00fajat, de a tippjeim rem\u00e9lem mindenkenki sz\u00e1m\u00e1ra hasznosak lehetnek. El\u0151sz\u00f6r l\u00e1ssuk, mi\u00e9rt is \u00e9rdemes m\u00e1jat fogyasztani \u00e9s hogyan \u00e9p\u00edthetj\u00fck be a hisztamindi\u00e9t\u00e1ba?<\/p>\n<p>A m\u00e1j igazi vitamin- \u00e9s \u00e1sv\u00e1nyianyag bomba: remek forr\u00e1sa az A, B6, C, D \u00e9s E vitaminoknak, kiemelked\u0151 a vastartalma, de m\u00e1s \u00e1sv\u00e1nyi anyagokban is b\u0151velkedik. Mivel azonban a bels\u0151s\u00e9gekben gyorsan termel\u0151dik hisztamin, ez\u00e9rt fogyaszt\u00e1s\u00e1val \u00f3vatosnak kell lenn\u00fcnk, \u00e9s k\u00fcl\u00f6n\u00f6sen nagy figyelmet kell ford\u00edtani a frissess\u00e9gre. B\u00e1r kezd\u0151 null\u00e1s di\u00e9t\u00e1ban tal\u00e1n jobb teljesen ker\u00fclni (a t\u00e1bl\u00e1zatokban a bels\u0151s\u00e9gek nem v\u00e9letlen nem null\u00e1sak), de \u00e9rdemes lehet min\u00e9l el\u0151bb bevezetni az \u00e9trend\u00fcnkbe, hiszen egy nagyon t\u00e1panyagd\u00fas \u00e9tel. Ha nem tudunk garant\u00e1ltan friss m\u00e1jhoz jutni, akkor vegy\u00fcnk ink\u00e1bb fagyasztott m\u00e1jat, \u00e9s v\u00e1s\u00e1rl\u00e1s\/kiolvaszt\u00e1s ut\u00e1n miel\u0151bb k\u00e9sz\u00edts\u00fck el. Az elk\u00e9sz\u00edtett resztelt m\u00e1j\/m\u00e1jkr\u00e9m marad\u00e9k\u00e1t pedig \u00e9rdemes kisebb adagokban lefagyasztani, \u00edgy k\u00e9s\u0151bb is nyugodt sz\u00edvvel fogyaszthatunk bel\u0151le!<\/p>\n<p>A recept mell\u00e9 egy term\u00e9kaj\u00e1nl\u00e1st is hoztam Nektek. Hisztamin intolerancia eset\u00e9n \u00e1lland\u00f3 t\u00e9ma a b\u00e9lregener\u00e1l\u00e1s, \u00e9s ennek kapcs\u00e1n a ferment\u00e1lt \u00e9telek fogyaszt\u00e1sa. A b\u00e9lfl\u00f3r\u00e1t ugyanis remek\u00fcl t\u00e1mogathatjuk j\u00f3 min\u0151s\u00e9g\u0171 ferment\u00e1lt \u00e9telekkel, \u00edgy ezeket m\u00e9g ink\u00e1bb \u00e9rdemes miel\u0151bb, de csak fokozatosan, \u00f3vatosan be\u00e9p\u00edteni az \u00e9trend\u00fcnkbe. A legjobb, ha otthon ferment\u00e1lunk, de ha erre nincs lehet\u0151s\u00e9g\u00fcnk, akkor csakis min\u0151s\u00e9gi term\u00e9keket v\u00e1lasszunk. Sz\u00edvb\u0151l aj\u00e1nlom Nektek a <a href=\"https:\/\/shop.naturi.hu\/fermentalt\" target=\"_blank\" rel=\"noreferrer noopener\">NaTuri<\/a> ferment\u00e1lt z\u00f6lds\u00e9geit, melyek term\u00e9szetes elj\u00e1r\u00e1ssal, adal\u00e9kanyagok \u00e9s tart\u00f3s\u00edt\u00f3szer n\u00e9lk\u00fcl k\u00e9sz\u00fclnek. A ferment\u00e1lt z\u00f6lds\u00e9gek funkcion\u00e1lis \u00e9lelmiszerek,\u00a0seg\u00edtik a gyomor cs\u00f6kkent funkci\u00f3j\u00e1t \u00e9s az em\u00e9szt\u00e9st. A benn\u00fck l\u00e9v\u0151 rostok, mikroorganizmusok seg\u00edtik a mikrobiom, \u00e9s \u00edgy az immunrendszer\u00fcnk, eg\u00e9szs\u00e9g\u00fcnk fenntart\u00e1s\u00e1t vagy vissza\u00e1ll\u00edt\u00e1s\u00e1t term\u00e9szetes m\u00f3dszerekkel.<\/p>\t\t\t\t\t\t\t\t<\/div>\n\t\t\t\t<\/div>\n\t\t\t\t<div class=\"elementor-element elementor-element-6f6424f9 elementor-widget elementor-widget-heading\" data-id=\"6f6424f9\" data-element_type=\"widget\" data-e-type=\"widget\" data-settings=\"{&quot;ekit_we_effect_on&quot;:&quot;none&quot;}\" data-widget_type=\"heading.default\">\n\t\t\t\t<div class=\"elementor-widget-container\">\n\t\t\t\t\t<h2 class=\"elementor-heading-title elementor-size-default\">Hozz\u00e1val\u00f3k<\/h2>\t\t\t\t<\/div>\n\t\t\t\t<\/div>\n\t\t\t\t<div class=\"elementor-element elementor-element-600af7d2 elementor-icon-list--layout-traditional elementor-list-item-link-full_width elementor-widget elementor-widget-icon-list\" data-id=\"600af7d2\" data-element_type=\"widget\" data-e-type=\"widget\" data-settings=\"{&quot;ekit_we_effect_on&quot;:&quot;none&quot;}\" data-widget_type=\"icon-list.default\">\n\t\t\t\t<div class=\"elementor-widget-container\">\n\t\t\t\t\t\t\t<ul class=\"elementor-icon-list-items\">\n\t\t\t\t\t\t\t<li class=\"elementor-icon-list-item\">\n\t\t\t\t\t\t\t\t\t\t\t<span class=\"elementor-icon-list-icon\">\n\t\t\t\t\t\t\t<i aria-hidden=\"true\" class=\"fas fa-chevron-right\"><\/i>\t\t\t\t\t\t<\/span>\n\t\t\t\t\t\t\t\t\t\t<span class=\"elementor-icon-list-text\">500 g friss\/fagyasztott csirkem\u00e1j<\/span>\n\t\t\t\t\t\t\t\t\t<\/li>\n\t\t\t\t\t\t\t\t<li class=\"elementor-icon-list-item\">\n\t\t\t\t\t\t\t\t\t\t\t<span class=\"elementor-icon-list-icon\">\n\t\t\t\t\t\t\t<i aria-hidden=\"true\" class=\"fas fa-chevron-right\"><\/i>\t\t\t\t\t\t<\/span>\n\t\t\t\t\t\t\t\t\t\t<span class=\"elementor-icon-list-text\">1 nagy fej feh\u00e9rhagyma<\/span>\n\t\t\t\t\t\t\t\t\t<\/li>\n\t\t\t\t\t\t\t\t<li class=\"elementor-icon-list-item\">\n\t\t\t\t\t\t\t\t\t\t\t<span class=\"elementor-icon-list-icon\">\n\t\t\t\t\t\t\t<i aria-hidden=\"true\" class=\"fas fa-chevron-right\"><\/i>\t\t\t\t\t\t<\/span>\n\t\t\t\t\t\t\t\t\t\t<span class=\"elementor-icon-list-text\">1-2 gerezd fokhagyma (kihagyhat\u00f3)<\/span>\n\t\t\t\t\t\t\t\t\t<\/li>\n\t\t\t\t\t\t\t\t<li class=\"elementor-icon-list-item\">\n\t\t\t\t\t\t\t\t\t\t\t<span class=\"elementor-icon-list-icon\">\n\t\t\t\t\t\t\t<i aria-hidden=\"true\" class=\"fas fa-chevron-right\"><\/i>\t\t\t\t\t\t<\/span>\n\t\t\t\t\t\t\t\t\t\t<span class=\"elementor-icon-list-text\">s\u00f3<\/span>\n\t\t\t\t\t\t\t\t\t<\/li>\n\t\t\t\t\t\t\t\t<li class=\"elementor-icon-list-item\">\n\t\t\t\t\t\t\t\t\t\t\t<span class=\"elementor-icon-list-icon\">\n\t\t\t\t\t\t\t<i aria-hidden=\"true\" class=\"fas fa-chevron-right\"><\/i>\t\t\t\t\t\t<\/span>\n\t\t\t\t\t\t\t\t\t\t<span class=\"elementor-icon-list-text\">2 tk petrezselyem<\/span>\n\t\t\t\t\t\t\t\t\t<\/li>\n\t\t\t\t\t\t\t\t<li class=\"elementor-icon-list-item\">\n\t\t\t\t\t\t\t\t\t\t\t<span class=\"elementor-icon-list-icon\">\n\t\t\t\t\t\t\t<i aria-hidden=\"true\" class=\"fas fa-chevron-right\"><\/i>\t\t\t\t\t\t<\/span>\n\t\t\t\t\t\t\t\t\t\t<span class=\"elementor-icon-list-text\">2 tk majoranna<\/span>\n\t\t\t\t\t\t\t\t\t<\/li>\n\t\t\t\t\t\t\t\t<li class=\"elementor-icon-list-item\">\n\t\t\t\t\t\t\t\t\t\t\t<span class=\"elementor-icon-list-icon\">\n\t\t\t\t\t\t\t<i aria-hidden=\"true\" class=\"fas fa-chevron-right\"><\/i>\t\t\t\t\t\t<\/span>\n\t\t\t\t\t\t\t\t\t\t<span class=\"elementor-icon-list-text\">opcion\u00e1lis: kev\u00e9s feh\u00e9r bors (halad\u00f3 HI di\u00e9t\u00e1ban)<\/span>\n\t\t\t\t\t\t\t\t\t<\/li>\n\t\t\t\t\t\t\t\t<li class=\"elementor-icon-list-item\">\n\t\t\t\t\t\t\t\t\t\t\t<span class=\"elementor-icon-list-icon\">\n\t\t\t\t\t\t\t<i aria-hidden=\"true\" class=\"fas fa-chevron-right\"><\/i>\t\t\t\t\t\t<\/span>\n\t\t\t\t\t\t\t\t\t\t<span class=\"elementor-icon-list-text\">1 ek k\u00f3kuszolaj<\/span>\n\t\t\t\t\t\t\t\t\t<\/li>\n\t\t\t\t\t\t<\/ul>\n\t\t\t\t\t\t<\/div>\n\t\t\t\t<\/div>\n\t\t\t\t<div class=\"elementor-element elementor-element-9127abf elementor-widget elementor-widget-text-editor\" data-id=\"9127abf\" data-element_type=\"widget\" data-e-type=\"widget\" data-settings=\"{&quot;ekit_we_effect_on&quot;:&quot;none&quot;}\" data-widget_type=\"text-editor.default\">\n\t\t\t\t<div class=\"elementor-widget-container\">\n\t\t\t\t\t\t\t\t\t<p>*FODMAP di\u00e9ta eset\u00e9n hagyd ki a hagymaf\u00e9l\u00e9ket a receptb\u0151l!<\/p>\t\t\t\t\t\t\t\t<\/div>\n\t\t\t\t<\/div>\n\t\t\t\t<div class=\"elementor-element elementor-element-1c86cb2f elementor-widget elementor-widget-heading\" data-id=\"1c86cb2f\" data-element_type=\"widget\" data-e-type=\"widget\" data-settings=\"{&quot;ekit_we_effect_on&quot;:&quot;none&quot;}\" data-widget_type=\"heading.default\">\n\t\t\t\t<div class=\"elementor-widget-container\">\n\t\t\t\t\t<h2 class=\"elementor-heading-title elementor-size-default\">Elk\u00e9sz\u00edt\u00e9s<\/h2>\t\t\t\t<\/div>\n\t\t\t\t<\/div>\n\t\t\t\t<div class=\"elementor-element elementor-element-42d39d7a elementor-widget elementor-widget-text-editor\" data-id=\"42d39d7a\" data-element_type=\"widget\" data-e-type=\"widget\" data-settings=\"{&quot;ekit_we_effect_on&quot;:&quot;none&quot;}\" data-widget_type=\"text-editor.default\">\n\t\t\t\t<div class=\"elementor-widget-container\">\n\t\t\t\t\t\t\t\t\t<ol>\n<li>A hagym\u00e1t v\u00e1gjuk apr\u00f3ra, a m\u00e1jat tiszt\u00edtsuk meg \u00e9s v\u00e1gjuk nagyobb darabokra.<\/li>\n<li>Egy serpeny\u0151ben pir\u00edts\u00fck \u00fcvegesre a hagym\u00e1t a k\u00f3kuszolajon, majd adjuk hozz\u00e1 a m\u00e1jat \u00e9s a z\u00fazott fokhagym\u00e1t.<\/li>\n<li>F\u0171szerezz\u00fck, \u00e9s addig pir\u00edtjuk, m\u00edg sz\u00e9pen megpirul \u00e9s teljesen \u00e1ts\u00fcl a m\u00e1j. Egy nagyobb darabot felv\u00e1gva ell\u0151rizhetj\u00fck, k\u00e9szen van e.<\/li>\n<li>T\u00e1laljuk rizzsel vagy petrezselymes burgony\u00e1val \u00e9s min\u0151s\u00e9gi ferment\u00e1lt z\u00f6lds\u00e9gekkel.<\/li>\n<\/ol>\t\t\t\t\t\t\t\t<\/div>\n\t\t\t\t<\/div>\n\t\t\t\t<div class=\"elementor-element elementor-element-40edf9a7 elementor-widget elementor-widget-heading\" data-id=\"40edf9a7\" data-element_type=\"widget\" data-e-type=\"widget\" data-settings=\"{&quot;ekit_we_effect_on&quot;:&quot;none&quot;}\" data-widget_type=\"heading.default\">\n\t\t\t\t<div class=\"elementor-widget-container\">\n\t\t\t\t\t<h2 class=\"elementor-heading-title elementor-size-default\">H\u00e1zi m\u00e1jkr\u00e9m<\/h2>\t\t\t\t<\/div>\n\t\t\t\t<\/div>\n\t\t\t\t<div class=\"elementor-element elementor-element-6ce62aca elementor-widget elementor-widget-text-editor\" data-id=\"6ce62aca\" data-element_type=\"widget\" data-e-type=\"widget\" data-settings=\"{&quot;ekit_we_effect_on&quot;:&quot;none&quot;}\" data-widget_type=\"text-editor.default\">\n\t\t\t\t<div class=\"elementor-widget-container\">\n\t\t\t\t\t\t\t\t\t<p>Ebb\u0151l egy sz\u00e9p nagy adag resztelt m\u00e1j lesz, \u00edgy \u00e9na fel\u00e9b\u0151l m\u00e1jkr\u00e9met k\u00e9sz\u00edtettem. Gyakorlatilag csak leturmixoltam a m\u00e1jat, ami \u00f6nmag\u00e1ban is nagyon finom, de ha szeretn\u00e9nk, fokozhatjuk az \u00edzvil\u00e1got m\u00e1s f\u0171szerekkel (pl. medvehagym\u00e1val, rozmaringgal) vagy kr\u00e9mesebb\u00e9 tehetj\u00fck egy kis tejsz\u00ednnel. Kis \u00fcvegekbe adagoltam \u00e9s ment a fagyaszt\u00f3ba.<\/p>\t\t\t\t\t\t\t\t<\/div>\n\t\t\t\t<\/div>\n\t\t\t\t<div class=\"elementor-element elementor-element-289ecc9 elementor-widget elementor-widget-image\" data-id=\"289ecc9\" data-element_type=\"widget\" data-e-type=\"widget\" data-settings=\"{&quot;ekit_we_effect_on&quot;:&quot;none&quot;}\" data-widget_type=\"image.default\">\n\t\t\t\t<div class=\"elementor-widget-container\">\n\t\t\t\t\t\t\t\t\t\t\t\t\t\t\t<img decoding=\"async\" width=\"800\" height=\"800\" src=\"https:\/\/mentesutakon.hu\/wp-content\/uploads\/2021\/04\/mentesutakon-reszteltmaj-1-1024x1024.jpg\" class=\"attachment-large size-large wp-image-2282\" alt=\"Mentes Utakon resztelt m\u00e1j \u00e9s h\u00e1zi m\u00e1jkr\u00e9m\" srcset=\"https:\/\/mentesutakon.hu\/wp-content\/uploads\/2021\/04\/mentesutakon-reszteltmaj-1.jpg 1024w, https:\/\/mentesutakon.hu\/wp-content\/uploads\/2021\/04\/mentesutakon-reszteltmaj-1-100x100.jpg 100w, https:\/\/mentesutakon.hu\/wp-content\/uploads\/2021\/04\/mentesutakon-reszteltmaj-1-600x600.jpg 600w, https:\/\/mentesutakon.hu\/wp-content\/uploads\/2021\/04\/mentesutakon-reszteltmaj-1-300x300.jpg 300w, https:\/\/mentesutakon.hu\/wp-content\/uploads\/2021\/04\/mentesutakon-reszteltmaj-1-700x700.jpg 700w, https:\/\/mentesutakon.hu\/wp-content\/uploads\/2021\/04\/mentesutakon-reszteltmaj-1-150x150.jpg 150w, https:\/\/mentesutakon.hu\/wp-content\/uploads\/2021\/04\/mentesutakon-reszteltmaj-1-768x768.jpg 768w\" sizes=\"(max-width: 800px) 100vw, 800px\" \/>\t\t\t\t\t\t\t\t\t\t\t\t\t\t\t<\/div>\n\t\t\t\t<\/div>\n\t\t\t\t<div class=\"elementor-element elementor-element-41d4370 elementor-widget elementor-widget-text-editor\" data-id=\"41d4370\" data-element_type=\"widget\" data-e-type=\"widget\" data-settings=\"{&quot;ekit_we_effect_on&quot;:&quot;none&quot;}\" data-widget_type=\"text-editor.default\">\n\t\t\t\t<div class=\"elementor-widget-container\">\n\t\t\t\t\t\t\t\t\t<p>Ebb\u0151l egy sz\u00e9p nagy adag resztelt m\u00e1j lesz, \u00edgy \u00e9na fel\u00e9b\u0151l m\u00e1jkr\u00e9met k\u00e9sz\u00edtettem. Gyakorlatilag csak leturmixoltam a m\u00e1jat, ami \u00f6nmag\u00e1ban is nagyon finom, de ha szeretn\u00e9nk, fokozhatjuk az \u00edzvil\u00e1got m\u00e1s f\u0171szerekkel (pl. medvehagym\u00e1val, rozmaringgal) vagy kr\u00e9mesebb\u00e9 tehetj\u00fck egy kis tejsz\u00ednnel. Kis \u00fcvegekbe adagoltam \u00e9s ment a fagyaszt\u00f3ba.<\/p>\t\t\t\t\t\t\t\t<\/div>\n\t\t\t\t<\/div>\n\t\t\t\t\t<\/div>\n\t\t<\/div>\n\t\t\t\t\t<\/div>\n\t\t<\/section>\n\t\t\t\t<\/div>","protected":false},"excerpt":{"rendered":"<p>A sok \u00e9dess\u00e9g ut\u00e1n ideje volt egy egyszer\u0171en elk\u00e9sz\u00edthet\u0151 eb\u00e9d\u00f6tlettel k\u00e9sz\u00fcln\u00f6m Nektek, ami r\u00e1ad\u00e1sul k\u00e9t recept is egyben. A resztelt m\u00e1jb\u00f3l ugyanis nagyon \u00edzletes h\u00e1zi m\u00e1jkr\u00e9met is k\u00e9sz\u00edthet\u00fcnk, ami remek kieg\u00e9sz\u00edt\u0151je lehet egy vacsor\u00e1nak is, p\u00e9ld\u00e1ul egy kis pir\u00edt\u00f3ssal. A resztelt m\u00e1j el\u00e9g \u201calap recept\u201d, sokatoknak biztos nem mondok \u00fajat, de a tippjeim rem\u00e9lem mindenkenki [&hellip;]<\/p>\n","protected":false},"author":2,"featured_media":2282,"comment_status":"open","ping_status":"open","sticky":false,"template":"","format":"standard","meta":{"footnotes":""},"categories":[11],"tags":[62,61,25,76],"class_list":["post-1056","post","type-post","status-publish","format-standard","has-post-thumbnail","hentry","category-foetkezes","tag-fodmap-dieta","tag-glutenmentes","tag-hisztaminszegeny","tag-ingyenes"],"_links":{"self":[{"href":"https:\/\/mentesutakon.hu\/en\/wp-json\/wp\/v2\/posts\/1056","targetHints":{"allow":["GET"]}}],"collection":[{"href":"https:\/\/mentesutakon.hu\/en\/wp-json\/wp\/v2\/posts"}],"about":[{"href":"https:\/\/mentesutakon.hu\/en\/wp-json\/wp\/v2\/types\/post"}],"author":[{"embeddable":true,"href":"https:\/\/mentesutakon.hu\/en\/wp-json\/wp\/v2\/users\/2"}],"replies":[{"embeddable":true,"href":"https:\/\/mentesutakon.hu\/en\/wp-json\/wp\/v2\/comments?post=1056"}],"version-history":[{"count":0,"href":"https:\/\/mentesutakon.hu\/en\/wp-json\/wp\/v2\/posts\/1056\/revisions"}],"wp:featuredmedia":[{"embeddable":true,"href":"https:\/\/mentesutakon.hu\/en\/wp-json\/wp\/v2\/media\/2282"}],"wp:attachment":[{"href":"https:\/\/mentesutakon.hu\/en\/wp-json\/wp\/v2\/media?parent=1056"}],"wp:term":[{"taxonomy":"category","embeddable":true,"href":"https:\/\/mentesutakon.hu\/en\/wp-json\/wp\/v2\/categories?post=1056"},{"taxonomy":"post_tag","embeddable":true,"href":"https:\/\/mentesutakon.hu\/en\/wp-json\/wp\/v2\/tags?post=1056"}],"curies":[{"name":"wp","href":"https:\/\/api.w.org\/{rel}","templated":true}]}}